{"id":3288,"date":"2023-05-13T16:52:01","date_gmt":"2023-05-13T14:52:01","guid":{"rendered":"https:\/\/colloque.physiobell.fr\/?p=3288"},"modified":"2023-05-13T19:36:39","modified_gmt":"2023-05-13T17:36:39","slug":"la-peau-un-des-problemes-de-votre-clientele-en-surpoids","status":"publish","type":"post","link":"https:\/\/colloque.physiobell.fr\/index.php\/la-peau-un-des-problemes-de-votre-clientele-en-surpoids\/","title":{"rendered":"La peau, un des probl\u00e8mes de votre client\u00e8le en surpoids"},"content":{"rendered":"\t\t<div data-elementor-type=\"wp-post\" data-elementor-id=\"3288\" class=\"elementor elementor-3288\" data-elementor-post-type=\"post\">\n\t\t\t\t\t\t<section class=\"elementor-section elementor-top-section elementor-element elementor-element-ae8dc63 elementor-section-boxed elementor-section-height-default elementor-section-height-default\" data-id=\"ae8dc63\" data-element_type=\"section\" data-e-type=\"section\" data-settings=\"{&quot;background_background&quot;:&quot;gradient&quot;}\">\n\t\t\t\t\t\t<div class=\"elementor-container elementor-column-gap-default\">\n\t\t\t\t\t<div class=\"elementor-column elementor-col-100 elementor-top-column elementor-element elementor-element-d1808b4\" data-id=\"d1808b4\" data-element_type=\"column\" data-e-type=\"column\">\n\t\t\t<div class=\"elementor-widget-wrap elementor-element-populated\">\n\t\t\t\t\t\t<div class=\"elementor-element elementor-element-82c8b42 elementor-widget elementor-widget-text-editor\" data-id=\"82c8b42\" data-element_type=\"widget\" data-e-type=\"widget\" data-widget_type=\"text-editor.default\">\n\t\t\t\t<div class=\"elementor-widget-container\">\n\t\t\t\t\t\t\t\t\t<p>Dans mon centre de soins esth\u00e9tiques, j\u2019ai vu d\u00e9filer de nombreuses personnes. Quand j\u2019ai ferm\u00e9 en 2018, mon fichier client atteignait plus de 8000 personnes. De nombreuses ont fait des cures minceur. Et certaines avaient perdu \u00e9norm\u00e9ment de poids.<\/p><p>Nous parlons toujours du terme g\u00e9n\u00e9ral de minceur pour parler des soins corporels. Mais il existe une autre probl\u00e9matique qui est cach\u00e9 dans cette g\u00e9n\u00e9ralit\u00e9 qui est aussi primordiale. Le rel\u00e2chement cutan\u00e9 avec comme demande de la cliente le raffermissement de son corps.<\/p><p>Lorsqu&rsquo;une personne perd du poids, elle peut \u00eatre confront\u00e9e \u00e0 un autre probl\u00e8me esth\u00e9tique : le rel\u00e2chement de la peau. Cela se produit parce que la peau s&rsquo;est \u00e9tir\u00e9e pour accompagner la prise de poids, et une fois que le poids a \u00e9t\u00e9 perdu, la peau n&rsquo;a pas toujours la capacit\u00e9 de se r\u00e9tracter compl\u00e8tement naturellement malheureusement. Un travail ext\u00e9rieur doit \u00eatre fait que ce soit par nos soins esth\u00e9tiques ou par chirurgie.<\/p><p>La peau humaine est l&rsquo;organe le plus \u00e9tendu et le plus lourd de notre corps, pesant entre 4 et 10 kilos chez l&rsquo;adulte et couvrant pr\u00e8s de 2 m\u00b2 de surface. Sa couche la plus profonde, le derme, est constitu\u00e9e de collag\u00e8ne et d&rsquo;\u00e9lastine. Le collag\u00e8ne repr\u00e9sente 80% de la structure de notre peau, apportant fermet\u00e9, soutien et maintenant le taux hydrique dans cette couche. L&rsquo;\u00e9lastine, une autre prot\u00e9ine, permet l&rsquo;\u00e9lasticit\u00e9 et aide la peau \u00e0 rester tendue. <span style=\"color: #ff0000;\"><a style=\"color: #ff0000;\" href=\"https:\/\/colloque.physiobell.fr\/index.php\/cecile-michel\/\">C\u00e9cile Michel<\/a><\/span> vous en parlera plus longuement lors de son intervention au colloque.<\/p><p>Comme je vous le disais lorsqu&rsquo;une personne prend du poids, la peau peut s&rsquo;\u00e9tirer de mani\u00e8re surprenante, en particulier dans les cas d&rsquo;ob\u00e9sit\u00e9 importante ou pendant la grossesse. Cependant, une fois que la personne commence \u00e0 perdre du poids, la peau n&rsquo;a pas toujours la capacit\u00e9 de se r\u00e9tracter compl\u00e8tement. Cela peut entra\u00eener un rel\u00e2chement cutan\u00e9 qui peut \u00eatre g\u00eanant pour la personne concern\u00e9e.<\/p><p>Ce probl\u00e8me physique peut avoir des cons\u00e9quences psychologiques importantes sur les personnes qui en souffrent. En effet, la perte de poids est souvent une \u00e9tape positive dans la vie d&rsquo;une personne, mais le rel\u00e2chement cutan\u00e9 peut venir ternir cette victoire.<\/p><p>Les personnes qui ont perdu beaucoup de poids et qui souffrent de rel\u00e2chement cutan\u00e9 peuvent ressentir une grande frustration, de l&rsquo;inqui\u00e9tude ou m\u00eame de la honte. Elles peuvent se sentir peu attrayantes, et avoir l&rsquo;impression que leur corps ne correspond pas \u00e0 l&rsquo;image qu&rsquo;elles ont d&rsquo;elles-m\u00eames. Cette situation peut affecter leur confiance en soi, leur estime de soi et leur bien-\u00eatre \u00e9motionnel.<\/p><p>Les esth\u00e9ticiennes peuvent jouer un r\u00f4le cl\u00e9 dans l&rsquo;accompagnement de ces personnes. En proposant des soins adapt\u00e9s, nous pouvons les aider \u00e0 retrouver une peau plus ferme et \u00e0 am\u00e9liorer leur apparence physique. Mais surtout, nous pouvons leur apporter un soutien moral important, en leur offrant une \u00e9coute attentive et des conseils personnalis\u00e9s pour les aider \u00e0 retrouver confiance en elles et \u00e0 se sentir mieux dans leur peau.<\/p><p>Certaines techniques peuvent \u00eatre utilis\u00e9es pour aider la peau \u00e0 retrouver sa fermet\u00e9 et son \u00e9lasticit\u00e9. Parmi ces techniques, on peut citer les massages, certaines techniques de courants \u00e9lectriques, la photo-biomodulation, les techniques de stimulation m\u00e9canique et de vibration ou encore l&rsquo;utilisation de cr\u00e8mes et d&rsquo;huiles sp\u00e9cifiques.<\/p><p>Pendant le colloque, nous aborderons gr\u00e2ce \u00e0 l\u2019intervention de <span style=\"color: #ff0000;\"><a style=\"color: #ff0000;\" href=\"https:\/\/colloque.physiobell.fr\/index.php\/cecile-michel\/\">C\u00e9cile Michel<\/a><\/span> les solutions pour travailler sur ce probl\u00e8me de rel\u00e2chement et vous pourrez avoir des r\u00e9ponses sur les technologies gr\u00e2ce \u00e0 l\u2019intervention de <span style=\"color: #ff0000;\"><a style=\"color: #ff0000;\" href=\"https:\/\/colloque.physiobell.fr\/index.php\/florence-ansar\/\">Florence Ansar<\/a><\/span> et \u00e0 la pr\u00e9sence de tous les fournisseurs partenaire.<\/p>\t\t\t\t\t\t\t\t<\/div>\n\t\t\t\t<\/div>\n\t\t\t\t\t<\/div>\n\t\t<\/div>\n\t\t\t\t\t<\/div>\n\t\t<\/section>\n\t\t\t\t<\/div>\n\t\t","protected":false},"excerpt":{"rendered":"<p>Dans mon centre de soins esth\u00e9tiques, j\u2019ai vu d\u00e9filer de nombreuses personnes. Quand j\u2019ai ferm\u00e9 en 2018, mon fichier client atteignait plus de 8000 personnes. De nombreuses ont fait des cures minceur. Et certaines avaient perdu \u00e9norm\u00e9ment de poids.<\/p>\n","protected":false},"author":2,"featured_media":0,"comment_status":"closed","ping_status":"closed","sticky":false,"template":"","format":"standard","meta":{"footnotes":""},"categories":[7],"tags":[17],"class_list":["post-3288","post","type-post","status-publish","format-standard","hentry","category-news","tag-prendre-en-charge-le-surpoids"],"_links":{"self":[{"href":"https:\/\/colloque.physiobell.fr\/index.php\/wp-json\/wp\/v2\/posts\/3288","targetHints":{"allow":["GET"]}}],"collection":[{"href":"https:\/\/colloque.physiobell.fr\/index.php\/wp-json\/wp\/v2\/posts"}],"about":[{"href":"https:\/\/colloque.physiobell.fr\/index.php\/wp-json\/wp\/v2\/types\/post"}],"author":[{"embeddable":true,"href":"https:\/\/colloque.physiobell.fr\/index.php\/wp-json\/wp\/v2\/users\/2"}],"replies":[{"embeddable":true,"href":"https:\/\/colloque.physiobell.fr\/index.php\/wp-json\/wp\/v2\/comments?post=3288"}],"version-history":[{"count":0,"href":"https:\/\/colloque.physiobell.fr\/index.php\/wp-json\/wp\/v2\/posts\/3288\/revisions"}],"wp:attachment":[{"href":"https:\/\/colloque.physiobell.fr\/index.php\/wp-json\/wp\/v2\/media?parent=3288"}],"wp:term":[{"taxonomy":"category","embeddable":true,"href":"https:\/\/colloque.physiobell.fr\/index.php\/wp-json\/wp\/v2\/categories?post=3288"},{"taxonomy":"post_tag","embeddable":true,"href":"https:\/\/colloque.physiobell.fr\/index.php\/wp-json\/wp\/v2\/tags?post=3288"}],"curies":[{"name":"wp","href":"https:\/\/api.w.org\/{rel}","templated":true}]}}