{"id":5550,"date":"2024-05-11T13:46:58","date_gmt":"2024-05-11T11:46:58","guid":{"rendered":"https:\/\/colloque.physiobell.fr\/?p=5550"},"modified":"2024-07-02T17:51:24","modified_gmt":"2024-07-02T15:51:24","slug":"anne-toselli","status":"publish","type":"post","link":"https:\/\/colloque.physiobell.fr\/index.php\/anne-toselli\/","title":{"rendered":"Anne Toselli"},"content":{"rendered":"\t\t<div data-elementor-type=\"wp-post\" data-elementor-id=\"5550\" class=\"elementor elementor-5550\" data-elementor-post-type=\"post\">\n\t\t\t\t\t\t<section class=\"elementor-section elementor-top-section elementor-element elementor-element-3aa6766 elementor-section-boxed elementor-section-height-default elementor-section-height-default\" data-id=\"3aa6766\" data-element_type=\"section\" data-e-type=\"section\" data-settings=\"{&quot;background_background&quot;:&quot;classic&quot;}\">\n\t\t\t\t\t\t<div class=\"elementor-container elementor-column-gap-default\">\n\t\t\t\t\t<div class=\"elementor-column elementor-col-50 elementor-top-column elementor-element elementor-element-d1a5c3c\" data-id=\"d1a5c3c\" data-element_type=\"column\" data-e-type=\"column\">\n\t\t\t<div class=\"elementor-widget-wrap elementor-element-populated\">\n\t\t\t\t\t\t<div class=\"elementor-element elementor-element-f83ec14 elementor-widget elementor-widget-image\" data-id=\"f83ec14\" data-element_type=\"widget\" data-e-type=\"widget\" data-widget_type=\"image.default\">\n\t\t\t\t<div class=\"elementor-widget-container\">\n\t\t\t\t\t\t\t\t\t\t\t\t<figure class=\"wp-caption\">\n\t\t\t\t\t\t\t\t\t\t<img fetchpriority=\"high\" decoding=\"async\" width=\"2560\" height=\"1707\" src=\"https:\/\/colloque.physiobell.fr\/wp-content\/uploads\/2024\/05\/Ostium-helianthal-428r-scaled.jpg\" class=\"attachment-full size-full wp-image-5551\" alt=\"\" srcset=\"https:\/\/colloque.physiobell.fr\/wp-content\/uploads\/2024\/05\/Ostium-helianthal-428r-scaled.jpg 2560w, https:\/\/colloque.physiobell.fr\/wp-content\/uploads\/2024\/05\/Ostium-helianthal-428r-300x200.jpg 300w, https:\/\/colloque.physiobell.fr\/wp-content\/uploads\/2024\/05\/Ostium-helianthal-428r-1024x683.jpg 1024w, https:\/\/colloque.physiobell.fr\/wp-content\/uploads\/2024\/05\/Ostium-helianthal-428r-768x512.jpg 768w, https:\/\/colloque.physiobell.fr\/wp-content\/uploads\/2024\/05\/Ostium-helianthal-428r-1536x1024.jpg 1536w, https:\/\/colloque.physiobell.fr\/wp-content\/uploads\/2024\/05\/Ostium-helianthal-428r-2048x1365.jpg 2048w\" sizes=\"(max-width: 2560px) 100vw, 2560px\" \/>\t\t\t\t\t\t\t\t\t\t\t<figcaption class=\"widget-image-caption wp-caption-text\">Anne Toselli<\/figcaption>\n\t\t\t\t\t\t\t\t\t\t<\/figure>\n\t\t\t\t\t\t\t\t\t<\/div>\n\t\t\t\t<\/div>\n\t\t\t\t<div class=\"elementor-element elementor-element-fa14bca elementor-widget elementor-widget-text-editor\" data-id=\"fa14bca\" data-element_type=\"widget\" data-e-type=\"widget\" data-widget_type=\"text-editor.default\">\n\t\t\t\t<div class=\"elementor-widget-container\">\n\t\t\t\t\t\t\t\t\t<p>Synopsis : <a href=\"https:\/\/colloque.physiobell.fr\/index.php\/le-role-meconnu-des-keratinocytes-anne-toselli\/\">Le r\u00f4le m\u00e9connu des k\u00e9ratinocytes<\/a><\/p><p style=\"text-align: center;\"><strong>INFOS UTILES\u00a0<\/strong><\/p><p>Site internet : <a href=\"http:\/\/www.ostium-cosmetiques.com\/\" target=\"_blank\" rel=\"noopener\" data-saferedirecturl=\"https:\/\/www.google.com\/url?q=http:\/\/www.ostium-cosmetiques.com&amp;source=gmail&amp;ust=1715513745236000&amp;usg=AOvVaw3ShIZWejeLco23KSPgopLH\">www.ostium-cosmetiques.com<\/a><\/p>\t\t\t\t\t\t\t\t<\/div>\n\t\t\t\t<\/div>\n\t\t\t\t<div class=\"elementor-element elementor-element-8df87c9 elementor-shape-rounded elementor-grid-0 e-grid-align-center elementor-widget elementor-widget-social-icons\" data-id=\"8df87c9\" data-element_type=\"widget\" data-e-type=\"widget\" data-widget_type=\"social-icons.default\">\n\t\t\t\t<div class=\"elementor-widget-container\">\n\t\t\t\t\t\t\t<div class=\"elementor-social-icons-wrapper elementor-grid\">\n\t\t\t\t\t\t\t<span class=\"elementor-grid-item\">\n\t\t\t\t\t<a class=\"elementor-icon elementor-social-icon elementor-social-icon-instagram elementor-repeater-item-c0eb89f\" href=\"http:\/\/instagram.com\/ostium_cosmetiques\" target=\"_blank\">\n\t\t\t\t\t\t<span class=\"elementor-screen-only\">Instagram<\/span>\n\t\t\t\t\t\t<i aria-hidden=\"true\" class=\"fab fa-instagram\"><\/i>\t\t\t\t\t<\/a>\n\t\t\t\t<\/span>\n\t\t\t\t\t<\/div>\n\t\t\t\t\t\t<\/div>\n\t\t\t\t<\/div>\n\t\t\t\t\t<\/div>\n\t\t<\/div>\n\t\t\t\t<div class=\"elementor-column elementor-col-50 elementor-top-column elementor-element elementor-element-d2ada87\" data-id=\"d2ada87\" data-element_type=\"column\" data-e-type=\"column\">\n\t\t\t<div class=\"elementor-widget-wrap elementor-element-populated\">\n\t\t\t\t\t\t<div class=\"elementor-element elementor-element-9747b3c elementor-widget elementor-widget-text-editor\" data-id=\"9747b3c\" data-element_type=\"widget\" data-e-type=\"widget\" data-widget_type=\"text-editor.default\">\n\t\t\t\t<div class=\"elementor-widget-container\">\n\t\t\t\t\t\t\t\t\t<p>Apr\u00e8s une enfance choy\u00e9e mais solitaire, je me suis engag\u00e9e dans des \u00e9tudes de M\u00e9decine, \u00e0 la Facult\u00e9 de BORDEAUX, et j\u2019ai pass\u00e9 ma th\u00e8se sur les \u00ab ph\u00e9nom\u00e8nes bio\u00e9lectriques observ\u00e9s sur les cellules canc\u00e9reuses \u00ab apr\u00e8s des fonctions d\u2019interne et d\u2019attach\u00e9e-chef de clinique en canc\u00e9rologie au CHU de BORDEAUX.<\/p><p>Ensuite, je suis partie en mission humanitaire au BENGLADESH suite au jumelage de BORDEAUX avec CHITTAGONG (le dernier engagement de MALRAUX\u00a0!) o\u00f9 j\u2019ai d\u00e9couvert les limites de ce genre de mission tant la corruption \u00e9tait pr\u00e9sente y compris dans le milieu m\u00e9dical. Mais cette exp\u00e9rience a contribu\u00e9 \u00e0 forger mon caract\u00e8re qui sera toujours marqu\u00e9 par l\u2019empathie envers les autres et l\u2019admiration pour cette civilisation indo-musulmane et le courage de sa population.<\/p><p>Apr\u00e8s mon mariage avec un architecte d\u2019origine italienne, MARIO TOSELLI, j\u2019ai pu encore cultiver mon go\u00fbt pour l\u2019art, notamment le baroque italien, et l\u2019op\u00e9ra, mais aussi pour la marche en montagne dans les massifs alpins apr\u00e8s avoir fait mes d\u00e9buts en escalade dans les Pyr\u00e9n\u00e9es (VIGNEMALE, BALAITOUS, NEOUVIELLE, AIGUILLES d\u2019ANSABERE).<\/p>\t\t\t\t\t\t\t\t<\/div>\n\t\t\t\t<\/div>\n\t\t\t\t\t<\/div>\n\t\t<\/div>\n\t\t\t\t\t<\/div>\n\t\t<\/section>\n\t\t\t\t<section class=\"elementor-section elementor-top-section elementor-element elementor-element-eb34b5c elementor-section-boxed elementor-section-height-default elementor-section-height-default\" data-id=\"eb34b5c\" data-element_type=\"section\" data-e-type=\"section\">\n\t\t\t\t\t\t<div class=\"elementor-container elementor-column-gap-default\">\n\t\t\t\t\t<div class=\"elementor-column elementor-col-100 elementor-top-column elementor-element elementor-element-ac5c8e2\" data-id=\"ac5c8e2\" data-element_type=\"column\" data-e-type=\"column\">\n\t\t\t<div class=\"elementor-widget-wrap elementor-element-populated\">\n\t\t\t\t\t\t<div class=\"elementor-element elementor-element-dbf1052 elementor-widget elementor-widget-text-editor\" data-id=\"dbf1052\" data-element_type=\"widget\" data-e-type=\"widget\" data-widget_type=\"text-editor.default\">\n\t\t\t\t<div class=\"elementor-widget-container\">\n\t\t\t\t\t\t\t\t\t<p>Professionnellement, apr\u00e8s quelques remplacements en M\u00e9decine g\u00e9n\u00e9rale, je suis devenue M\u00e9decin-Conseil de l\u2019Assurance Maladie et j\u2019ai grimp\u00e9 tous les \u00e9chelons pour devenir M\u00e9decin Chef, d\u2019abord au niveau d\u2019un d\u00e9partement puis d\u2019une r\u00e9gion (RH\u00d4NE ALPES) puis au niveau de la CAISSE NATIONALE d\u2019ASSURANCE MALADIE o\u00f9 j\u2019ai d\u00e9velopp\u00e9 mes comp\u00e9tences de Sp\u00e9cialiste en Sant\u00e9 Publique dans l\u2019organisation et l\u2019\u00e9valuation de la qualit\u00e9 des soins hospitaliers.<\/p><p>Et puis, un jour, l\u2019appel du terrain s\u2019est fait sentir et je suis revenue en Pays Basque , dans ma r\u00e9gion d\u2019origine, puis j\u2019ai repris le chemin de la Facult\u00e9 de M\u00e9decine de BORDEAUX\u00a0 en pr\u00e9parant la sp\u00e9cialit\u00e9 de G\u00c9RIATRIE que j\u2019ai exerc\u00e9e entre 2008 et 2014 dans diverses structures m\u00e9dicalis\u00e9es pour personnes \u00e2g\u00e9es.<\/p><p>Et j\u2019ai pu concr\u00e8tement mettre en \u0153uvre, au sein d\u2019\u00e9quipes pluridisciplinaires, des strat\u00e9gies de lutte contre le vieillissement dans les domaines cognitif, locomoteur, nutritionnel. Mais la peau, marqu\u00e9e par les stigmates du temps, restait hors d\u2019atteinte avec un retentissement que toute l\u2019\u00e9quipe d\u00e9plorait. Aussi, \u00e0 l\u2019heure de la retraite, j\u2019ai voulu combler le vide que j\u2019avais observ\u00e9 dans la prise en charge du vieillissement de la peau, avec toutes ses cons\u00e9quences psychosociales dans la longue vie des femmes d\u2019aujourd\u2019hui. Une carence due \u00e0 de multiples facteurs environnementaux, familiaux, culturels\u2026 et, surtout, \u00e0 l\u2019absence totale d\u2019anticipation par m\u00e9connaissance ou fatalisme. J\u2019ai effectu\u00e9 des recherches sur les m\u00e9canismes du vieillissement de la peau, analys\u00e9 de nombreuses publications scientifiques notamment canadiennes et fran\u00e7aises et, lorsque j\u2019ai d\u00e9couvert la possibilit\u00e9 d\u2019\u00e9valuer objectivement l\u2019efficacit\u00e9 des formulations cosm\u00e9tiques, je me suis lanc\u00e9e dans la cr\u00e9ation d\u2019une marque de cosm\u00e9tiques biologiques \u00ab OSTIUM \u00bb qui allie efficacit\u00e9 scientifiquement prouv\u00e9e, innocuit\u00e9 (Label BIO COSMOS ORGANIC) et sensorialit\u00e9.<\/p><p>Mon pari \u00e9tait de concevoir des formulations conjuguant \u00a0la double orientation choisie pour accompagner la peau dans le bien vieillir :<\/p><ul><li>Une dimension protectrice de l\u2019\u00e9piderme, \u00e0 mettre en \u0153uvre le plus t\u00f4t possible, avec une action antioxydante de haute intensit\u00e9 li\u00e9e \u00e0 la s\u00e9lection d\u2019un actif rare et ultrapuissant\u00a0 \u00a0<\/li><li>Une dimension curative du derme par stimulation par voie g\u00e9n\u00e9tique de la synth\u00e8se par les fibroblastes du collag\u00e8ne, de l\u2019\u00e9lastine et de l\u2019acide hyaluronique.\u00a0<\/li><\/ul><p>C\u2019est donc avec grand plaisir que je r\u00e9ponds \u00e0 l\u2019invitation de Florence Ansar et des organisateurs de ce colloque pour traiter la question du r\u00f4le de l\u2019\u00e9piderme et des k\u00e9ratinocytes qui le composent : ils constituent le premier front du syst\u00e8me sensoriel de l\u2019organisme.<\/p>\t\t\t\t\t\t\t\t<\/div>\n\t\t\t\t<\/div>\n\t\t\t\t\t<\/div>\n\t\t<\/div>\n\t\t\t\t\t<\/div>\n\t\t<\/section>\n\t\t\t\t<section class=\"elementor-section elementor-top-section elementor-element elementor-element-89e80b7 elementor-section-boxed elementor-section-height-default elementor-section-height-default\" data-id=\"89e80b7\" data-element_type=\"section\" data-e-type=\"section\">\n\t\t\t\t\t\t<div class=\"elementor-container elementor-column-gap-default\">\n\t\t\t\t\t<div class=\"elementor-column elementor-col-100 elementor-top-column elementor-element elementor-element-ac4079a\" data-id=\"ac4079a\" data-element_type=\"column\" data-e-type=\"column\">\n\t\t\t<div class=\"elementor-widget-wrap elementor-element-populated\">\n\t\t\t\t\t\t<div class=\"elementor-element elementor-element-becc818 elementor-widget elementor-widget-video\" data-id=\"becc818\" data-element_type=\"widget\" data-e-type=\"widget\" data-settings=\"{&quot;video_type&quot;:&quot;vimeo&quot;}\" data-widget_type=\"video.default\">\n\t\t\t\t<div class=\"elementor-widget-container\">\n\t\t\t\t\t\t\t<div class=\"elementor-wrapper elementor-open-inline\">\n\t\t\t<iframe class=\"elementor-video-iframe\" allowfullscreen allow=\"clipboard-write\" title=\"Lecteur vid\u00e9o vimeo\" src=\"https:\/\/player.vimeo.com\/video\/969582829?color&amp;autopause=0&amp;loop=0&amp;muted=0&amp;title=1&amp;portrait=1&amp;byline=1#t=\"><\/iframe>\t\t<\/div>\n\t\t\t\t\t\t<\/div>\n\t\t\t\t<\/div>\n\t\t\t\t\t<\/div>\n\t\t<\/div>\n\t\t\t\t\t<\/div>\n\t\t<\/section>\n\t\t\t\t<\/div>\n\t\t","protected":false},"excerpt":{"rendered":"<p>Anne Toselli Synopsis : Le r\u00f4le m\u00e9connu des k\u00e9ratinocytes INFOS UTILES\u00a0 Site internet : www.ostium-cosmetiques.com Instagram Apr\u00e8s une enfance choy\u00e9e mais solitaire, je me suis engag\u00e9e dans des \u00e9tudes de M\u00e9decine, \u00e0 la Facult\u00e9 de BORDEAUX, et j\u2019ai pass\u00e9 ma th\u00e8se sur les \u00ab ph\u00e9nom\u00e8nes bio\u00e9lectriques observ\u00e9s sur les cellules canc\u00e9reuses \u00ab apr\u00e8s des fonctions [&hellip;]<\/p>\n","protected":false},"author":2,"featured_media":5551,"comment_status":"closed","ping_status":"closed","sticky":false,"template":"","format":"standard","meta":{"footnotes":""},"categories":[6],"tags":[22],"class_list":["post-5550","post","type-post","status-publish","format-standard","has-post-thumbnail","hentry","category-intervenants","tag-etats-inflammatoires-en-esthetique"],"_links":{"self":[{"href":"https:\/\/colloque.physiobell.fr\/index.php\/wp-json\/wp\/v2\/posts\/5550","targetHints":{"allow":["GET"]}}],"collection":[{"href":"https:\/\/colloque.physiobell.fr\/index.php\/wp-json\/wp\/v2\/posts"}],"about":[{"href":"https:\/\/colloque.physiobell.fr\/index.php\/wp-json\/wp\/v2\/types\/post"}],"author":[{"embeddable":true,"href":"https:\/\/colloque.physiobell.fr\/index.php\/wp-json\/wp\/v2\/users\/2"}],"replies":[{"embeddable":true,"href":"https:\/\/colloque.physiobell.fr\/index.php\/wp-json\/wp\/v2\/comments?post=5550"}],"version-history":[{"count":4,"href":"https:\/\/colloque.physiobell.fr\/index.php\/wp-json\/wp\/v2\/posts\/5550\/revisions"}],"predecessor-version":[{"id":6065,"href":"https:\/\/colloque.physiobell.fr\/index.php\/wp-json\/wp\/v2\/posts\/5550\/revisions\/6065"}],"wp:featuredmedia":[{"embeddable":true,"href":"https:\/\/colloque.physiobell.fr\/index.php\/wp-json\/wp\/v2\/media\/5551"}],"wp:attachment":[{"href":"https:\/\/colloque.physiobell.fr\/index.php\/wp-json\/wp\/v2\/media?parent=5550"}],"wp:term":[{"taxonomy":"category","embeddable":true,"href":"https:\/\/colloque.physiobell.fr\/index.php\/wp-json\/wp\/v2\/categories?post=5550"},{"taxonomy":"post_tag","embeddable":true,"href":"https:\/\/colloque.physiobell.fr\/index.php\/wp-json\/wp\/v2\/tags?post=5550"}],"curies":[{"name":"wp","href":"https:\/\/api.w.org\/{rel}","templated":true}]}}