{"id":5714,"date":"2024-05-11T18:08:35","date_gmt":"2024-05-11T16:08:35","guid":{"rendered":"https:\/\/colloque.physiobell.fr\/?p=5714"},"modified":"2024-05-11T18:08:36","modified_gmt":"2024-05-11T16:08:36","slug":"quand-les-adipocytes-sinsinuent-dans-les-processus-inflammatoires-florence-ansar","status":"publish","type":"post","link":"https:\/\/colloque.physiobell.fr\/index.php\/quand-les-adipocytes-sinsinuent-dans-les-processus-inflammatoires-florence-ansar\/","title":{"rendered":"Quand les adipocytes s&rsquo;insinuent dans les processus inflammatoires &#8211; Florence Ansar"},"content":{"rendered":"\t\t<div data-elementor-type=\"wp-page\" data-elementor-id=\"5714\" class=\"elementor elementor-5714\" data-elementor-post-type=\"post\">\n\t\t\t\t\t\t<section class=\"elementor-section elementor-top-section elementor-element elementor-element-d345c26 elementor-section-boxed elementor-section-height-default elementor-section-height-default\" data-id=\"d345c26\" data-element_type=\"section\" data-e-type=\"section\" data-settings=\"{&quot;background_background&quot;:&quot;classic&quot;}\">\n\t\t\t\t\t\t<div class=\"elementor-container elementor-column-gap-default\">\n\t\t\t\t\t<div class=\"elementor-column elementor-col-100 elementor-top-column elementor-element elementor-element-ef4c230\" data-id=\"ef4c230\" data-element_type=\"column\" data-e-type=\"column\">\n\t\t\t<div class=\"elementor-widget-wrap elementor-element-populated\">\n\t\t\t\t\t\t<section class=\"elementor-section elementor-inner-section elementor-element elementor-element-02cb102 elementor-section-boxed elementor-section-height-default elementor-section-height-default\" data-id=\"02cb102\" data-element_type=\"section\" data-e-type=\"section\">\n\t\t\t\t\t\t<div class=\"elementor-container elementor-column-gap-default\">\n\t\t\t\t\t<div class=\"elementor-column elementor-col-50 elementor-inner-column elementor-element elementor-element-930bec6\" data-id=\"930bec6\" data-element_type=\"column\" data-e-type=\"column\">\n\t\t\t<div class=\"elementor-widget-wrap elementor-element-populated\">\n\t\t\t\t\t\t<div class=\"elementor-element elementor-element-017e24a elementor-widget elementor-widget-text-editor\" data-id=\"017e24a\" data-element_type=\"widget\" data-e-type=\"widget\" data-widget_type=\"text-editor.default\">\n\t\t\t\t<div class=\"elementor-widget-container\">\n\t\t\t\t\t\t\t\t\t<p style=\"font-weight: 400;\">Cette conf\u00e9rence explore le r\u00f4le complexe des adipocytes, dans les processus inflammatoires du corps.\u00a0<\/p><p style=\"font-weight: 400;\">Longtemps consid\u00e9r\u00e9s simplement comme des r\u00e9serves de stockage de lipides, les adipocytes sont d\u00e9sormais reconnus pour leur r\u00f4le actif dans la r\u00e9gulation m\u00e9tabolique et immunitaire.\u00a0<\/p><p style=\"font-weight: 400;\">En se focalisant sur la mani\u00e8re dont ces cellules influencent les conditions inflammatoires chroniques telles que l&rsquo;ob\u00e9sit\u00e9, le diab\u00e8te de type 2 et certaines maladies cardiovasculaires, cette pr\u00e9sentation d\u00e9voilera les derni\u00e8res recherches et proposera des strat\u00e9gies d&rsquo;intervention esth\u00e9tique pour att\u00e9nuer ces effets.\u00a0<\/p><p style=\"font-weight: 400;\">L&rsquo;objectif est de fournir aux esth\u00e9ticiennes des connaissances pratiques pour int\u00e9grer cette compr\u00e9hension dans leurs protocoles de soin.<\/p><p style=\"font-weight: 400;\"><a href=\"https:\/\/colloque.physiobell.fr\/index.php\/florence-ansar\/\">Florence Ansar<\/a><\/p>\t\t\t\t\t\t\t\t<\/div>\n\t\t\t\t<\/div>\n\t\t\t\t\t<\/div>\n\t\t<\/div>\n\t\t\t\t<div class=\"elementor-column elementor-col-50 elementor-inner-column elementor-element elementor-element-626055e\" data-id=\"626055e\" data-element_type=\"column\" data-e-type=\"column\">\n\t\t\t<div class=\"elementor-widget-wrap elementor-element-populated\">\n\t\t\t\t\t\t<div class=\"elementor-element elementor-element-2e97ea2 elementor-widget elementor-widget-image\" data-id=\"2e97ea2\" data-element_type=\"widget\" data-e-type=\"widget\" data-widget_type=\"image.default\">\n\t\t\t\t<div class=\"elementor-widget-container\">\n\t\t\t\t\t\t\t\t\t\t\t\t\t\t\t<img fetchpriority=\"high\" decoding=\"async\" width=\"664\" height=\"662\" src=\"https:\/\/colloque.physiobell.fr\/wp-content\/uploads\/2022\/03\/Flo-Ansar.png\" class=\"attachment-large size-large wp-image-5164\" alt=\"\" srcset=\"https:\/\/colloque.physiobell.fr\/wp-content\/uploads\/2022\/03\/Flo-Ansar.png 664w, https:\/\/colloque.physiobell.fr\/wp-content\/uploads\/2022\/03\/Flo-Ansar-300x300.png 300w, https:\/\/colloque.physiobell.fr\/wp-content\/uploads\/2022\/03\/Flo-Ansar-150x150.png 150w, https:\/\/colloque.physiobell.fr\/wp-content\/uploads\/2022\/03\/Flo-Ansar-75x75.png 75w, https:\/\/colloque.physiobell.fr\/wp-content\/uploads\/2022\/03\/elementor\/thumbs\/Flo-Ansar-qkzqbm1rk1fwsv4v9dhkjndu4u8x49cwmmi4hcsn1c.png 400w\" sizes=\"(max-width: 664px) 100vw, 664px\" \/>\t\t\t\t\t\t\t\t\t\t\t\t\t\t\t<\/div>\n\t\t\t\t<\/div>\n\t\t\t\t\t<\/div>\n\t\t<\/div>\n\t\t\t\t\t<\/div>\n\t\t<\/section>\n\t\t\t\t\t<\/div>\n\t\t<\/div>\n\t\t\t\t\t<\/div>\n\t\t<\/section>\n\t\t\t\t<\/div>\n\t\t","protected":false},"excerpt":{"rendered":"<p>Cette conf\u00e9rence explore le r\u00f4le complexe des adipocytes, dans les processus inflammatoires du corps.\u00a0 Longtemps consid\u00e9r\u00e9s simplement comme des r\u00e9serves de stockage de lipides, les adipocytes sont d\u00e9sormais reconnus pour leur r\u00f4le actif dans la r\u00e9gulation m\u00e9tabolique et immunitaire.\u00a0 En se focalisant sur la mani\u00e8re dont ces cellules influencent les conditions inflammatoires chroniques telles que [&hellip;]<\/p>\n","protected":false},"author":2,"featured_media":5164,"comment_status":"closed","ping_status":"closed","sticky":false,"template":"","format":"standard","meta":{"footnotes":""},"categories":[9],"tags":[22],"class_list":["post-5714","post","type-post","status-publish","format-standard","has-post-thumbnail","hentry","category-synopsis","tag-etats-inflammatoires-en-esthetique"],"_links":{"self":[{"href":"https:\/\/colloque.physiobell.fr\/index.php\/wp-json\/wp\/v2\/posts\/5714","targetHints":{"allow":["GET"]}}],"collection":[{"href":"https:\/\/colloque.physiobell.fr\/index.php\/wp-json\/wp\/v2\/posts"}],"about":[{"href":"https:\/\/colloque.physiobell.fr\/index.php\/wp-json\/wp\/v2\/types\/post"}],"author":[{"embeddable":true,"href":"https:\/\/colloque.physiobell.fr\/index.php\/wp-json\/wp\/v2\/users\/2"}],"replies":[{"embeddable":true,"href":"https:\/\/colloque.physiobell.fr\/index.php\/wp-json\/wp\/v2\/comments?post=5714"}],"version-history":[{"count":4,"href":"https:\/\/colloque.physiobell.fr\/index.php\/wp-json\/wp\/v2\/posts\/5714\/revisions"}],"predecessor-version":[{"id":5721,"href":"https:\/\/colloque.physiobell.fr\/index.php\/wp-json\/wp\/v2\/posts\/5714\/revisions\/5721"}],"wp:featuredmedia":[{"embeddable":true,"href":"https:\/\/colloque.physiobell.fr\/index.php\/wp-json\/wp\/v2\/media\/5164"}],"wp:attachment":[{"href":"https:\/\/colloque.physiobell.fr\/index.php\/wp-json\/wp\/v2\/media?parent=5714"}],"wp:term":[{"taxonomy":"category","embeddable":true,"href":"https:\/\/colloque.physiobell.fr\/index.php\/wp-json\/wp\/v2\/categories?post=5714"},{"taxonomy":"post_tag","embeddable":true,"href":"https:\/\/colloque.physiobell.fr\/index.php\/wp-json\/wp\/v2\/tags?post=5714"}],"curies":[{"name":"wp","href":"https:\/\/api.w.org\/{rel}","templated":true}]}}