{"id":5768,"date":"2024-06-09T16:48:49","date_gmt":"2024-06-09T14:48:49","guid":{"rendered":"https:\/\/colloque.physiobell.fr\/?p=5768"},"modified":"2024-06-09T16:52:08","modified_gmt":"2024-06-09T14:52:08","slug":"vidya-chettiar","status":"publish","type":"post","link":"https:\/\/colloque.physiobell.fr\/index.php\/vidya-chettiar\/","title":{"rendered":"Vidya Chettiar"},"content":{"rendered":"\t\t<div data-elementor-type=\"wp-post\" data-elementor-id=\"5768\" class=\"elementor elementor-5768\" data-elementor-post-type=\"post\">\n\t\t\t\t\t\t<section class=\"elementor-section elementor-top-section elementor-element elementor-element-3aa6766 elementor-section-boxed elementor-section-height-default elementor-section-height-default\" data-id=\"3aa6766\" data-element_type=\"section\" data-e-type=\"section\" data-settings=\"{&quot;background_background&quot;:&quot;classic&quot;}\">\n\t\t\t\t\t\t<div class=\"elementor-container elementor-column-gap-default\">\n\t\t\t\t\t<div class=\"elementor-column elementor-col-50 elementor-top-column elementor-element elementor-element-d1a5c3c\" data-id=\"d1a5c3c\" data-element_type=\"column\" data-e-type=\"column\">\n\t\t\t<div class=\"elementor-widget-wrap elementor-element-populated\">\n\t\t\t\t\t\t<div class=\"elementor-element elementor-element-f83ec14 elementor-widget elementor-widget-image\" data-id=\"f83ec14\" data-element_type=\"widget\" data-e-type=\"widget\" data-widget_type=\"image.default\">\n\t\t\t\t<div class=\"elementor-widget-container\">\n\t\t\t\t\t\t\t\t\t\t\t\t<figure class=\"wp-caption\">\n\t\t\t\t\t\t\t\t\t\t<img fetchpriority=\"high\" decoding=\"async\" width=\"644\" height=\"644\" src=\"https:\/\/colloque.physiobell.fr\/wp-content\/uploads\/2024\/06\/Vidya-Chettiar.png\" class=\"attachment-full size-full wp-image-5769\" alt=\"\" srcset=\"https:\/\/colloque.physiobell.fr\/wp-content\/uploads\/2024\/06\/Vidya-Chettiar.png 644w, https:\/\/colloque.physiobell.fr\/wp-content\/uploads\/2024\/06\/Vidya-Chettiar-300x300.png 300w, https:\/\/colloque.physiobell.fr\/wp-content\/uploads\/2024\/06\/Vidya-Chettiar-150x150.png 150w, https:\/\/colloque.physiobell.fr\/wp-content\/uploads\/2024\/06\/Vidya-Chettiar-75x75.png 75w\" sizes=\"(max-width: 644px) 100vw, 644px\" \/>\t\t\t\t\t\t\t\t\t\t\t<figcaption class=\"widget-image-caption wp-caption-text\">Vidya Chettiar<\/figcaption>\n\t\t\t\t\t\t\t\t\t\t<\/figure>\n\t\t\t\t\t\t\t\t\t<\/div>\n\t\t\t\t<\/div>\n\t\t\t\t<div class=\"elementor-element elementor-element-fa14bca elementor-widget elementor-widget-text-editor\" data-id=\"fa14bca\" data-element_type=\"widget\" data-e-type=\"widget\" data-widget_type=\"text-editor.default\">\n\t\t\t\t<div class=\"elementor-widget-container\">\n\t\t\t\t\t\t\t\t\t<p>Synopsis : <a href=\"https:\/\/colloque.physiobell.fr\/index.php\/la-pratique-de-la-meditation-modulateur-de-nos-etats-motionnels-vidya-chettiar\/\">La pratique de la m\u00e9ditation modulateur de nos \u00e9tats \u00e9motionnels<\/a><\/p><p style=\"text-align: center;\"><strong>INFOS UTILES\u00a0<\/strong><\/p><p>Site internet : <a href=\"http:\/\/www.mind2free.com\">www.mind2free.com<\/a>\u00a0<\/p>\t\t\t\t\t\t\t\t<\/div>\n\t\t\t\t<\/div>\n\t\t\t\t<div class=\"elementor-element elementor-element-8df87c9 elementor-shape-rounded elementor-grid-0 e-grid-align-center elementor-widget elementor-widget-social-icons\" data-id=\"8df87c9\" data-element_type=\"widget\" data-e-type=\"widget\" data-widget_type=\"social-icons.default\">\n\t\t\t\t<div class=\"elementor-widget-container\">\n\t\t\t\t\t\t\t<div class=\"elementor-social-icons-wrapper elementor-grid\">\n\t\t\t\t\t\t\t<span class=\"elementor-grid-item\">\n\t\t\t\t\t<a class=\"elementor-icon elementor-social-icon elementor-social-icon-facebook elementor-repeater-item-988fd2e\" href=\"https:\/\/www.facebook.com\/vidya.chet.7\/%20\" target=\"_blank\">\n\t\t\t\t\t\t<span class=\"elementor-screen-only\">Facebook<\/span>\n\t\t\t\t\t\t<i aria-hidden=\"true\" class=\"fab fa-facebook\"><\/i>\t\t\t\t\t<\/a>\n\t\t\t\t<\/span>\n\t\t\t\t\t<\/div>\n\t\t\t\t\t\t<\/div>\n\t\t\t\t<\/div>\n\t\t\t\t\t<\/div>\n\t\t<\/div>\n\t\t\t\t<div class=\"elementor-column elementor-col-50 elementor-top-column elementor-element elementor-element-d2ada87\" data-id=\"d2ada87\" data-element_type=\"column\" data-e-type=\"column\">\n\t\t\t<div class=\"elementor-widget-wrap elementor-element-populated\">\n\t\t\t\t\t\t<div class=\"elementor-element elementor-element-9747b3c elementor-widget elementor-widget-text-editor\" data-id=\"9747b3c\" data-element_type=\"widget\" data-e-type=\"widget\" data-widget_type=\"text-editor.default\">\n\t\t\t\t<div class=\"elementor-widget-container\">\n\t\t\t\t\t\t\t\t\t<p>N\u00e9 \u00e0 Chennai, dans le sud de l&rsquo;Inde, o\u00f9 il a grandi, Vidya est ing\u00e9nieur de formation. Pendant 12 ans, il a co-dirig\u00e9 une entreprise de conseil en informatique en France, apportant ainsi son expertise au monde professionnel. Cependant, malgr\u00e9 ses origines scientifiques, il a toujours \u00e9t\u00e9 attir\u00e9 par la profondeur de la sagesse spirituelle et les pratiques \u00e9nerg\u00e9tiques du Yoga.<\/p><p>\u00c0 l&rsquo;\u00e2ge de 17 ans, Vidya a rencontr\u00e9 celui qui allait devenir son ma\u00eetre spirituel. Il a \u00e9t\u00e9 initi\u00e9 \u00e0 l&rsquo;enseignement ancestral yogique et spirituel de cette lign\u00e9e, transmis par une longue tradition dont il a re\u00e7u l&rsquo;autorisation de partager les principes. Ces enseignements, vieux de plusieurs milliers d&rsquo;ann\u00e9es, ont travers\u00e9 les \u00e2ges, conservant leur pertinence et leur puissance.<\/p><p>Depuis plus de 30 ans, Vidya pratique assid\u00fbment cette discipline, trouvant en elle une source constante d&rsquo;\u00e9quilibre et d&rsquo;\u00e9panouissement. Il partage cette sagesse tant en Inde, berceau de cette tradition, qu&rsquo;en France, o\u00f9 il r\u00e9side. Il enseigne des pratiques \u00e9nerg\u00e9tiques et spirituelles du Yoga et de la m\u00e9ditation bas\u00e9e sur le silence mental, telles qu&rsquo;elles lui ont \u00e9t\u00e9 transmises. Son approche holistique vise \u00e0 guider les individus sur le chemin de la transformation int\u00e9rieure et de l&rsquo;\u00e9panouissement personnel.<\/p>\t\t\t\t\t\t\t\t<\/div>\n\t\t\t\t<\/div>\n\t\t\t\t\t<\/div>\n\t\t<\/div>\n\t\t\t\t\t<\/div>\n\t\t<\/section>\n\t\t\t\t<section class=\"elementor-section elementor-top-section elementor-element elementor-element-69b69c6 elementor-section-boxed elementor-section-height-default elementor-section-height-default\" data-id=\"69b69c6\" data-element_type=\"section\" data-e-type=\"section\">\n\t\t\t\t\t\t<div class=\"elementor-container elementor-column-gap-default\">\n\t\t\t\t\t<div class=\"elementor-column elementor-col-100 elementor-top-column elementor-element elementor-element-e5ccd5c\" data-id=\"e5ccd5c\" data-element_type=\"column\" data-e-type=\"column\">\n\t\t\t<div class=\"elementor-widget-wrap elementor-element-populated\">\n\t\t\t\t\t\t<div class=\"elementor-element elementor-element-7799227 elementor-widget elementor-widget-text-editor\" data-id=\"7799227\" data-element_type=\"widget\" data-e-type=\"widget\" data-widget_type=\"text-editor.default\">\n\t\t\t\t<div class=\"elementor-widget-container\">\n\t\t\t\t\t\t\t\t\t<ul><li>Il propose des th\u00e9rapies \u00e9nerg\u00e9tiques afin de surmonter les difficult\u00e9s et obstacles de la vie tout en favorisant des \u00e9nergies positives sur le plan physique, \u00e9motionnel et mat\u00e9riel.\u00a0<\/li><li>Il organise des sessions individuelles et collectives de m\u00e9ditation bas\u00e9e sur le silence mental et le yoga \u00e9nerg\u00e9tique (pratiques respiratoires et sonores-Mantras).<\/li><li>Il est \u00e9galement praticien en harmonisation d&rsquo;espaces via le Vastu. Le Vastu qui se prononce Vaastou est compar\u00e9 au Feng Shui chinois et vise \u00e0 optimiser les \u00e9nergies de l\u2019habitat, des espaces de travail et du commerce.<\/li><\/ul>\t\t\t\t\t\t\t\t<\/div>\n\t\t\t\t<\/div>\n\t\t\t\t\t<\/div>\n\t\t<\/div>\n\t\t\t\t\t<\/div>\n\t\t<\/section>\n\t\t\t\t<\/div>\n\t\t","protected":false},"excerpt":{"rendered":"<p>Vidya Chettiar Synopsis : La pratique de la m\u00e9ditation modulateur de nos \u00e9tats \u00e9motionnels INFOS UTILES\u00a0 Site internet : www.mind2free.com\u00a0 Facebook N\u00e9 \u00e0 Chennai, dans le sud de l&rsquo;Inde, o\u00f9 il a grandi, Vidya est ing\u00e9nieur de formation. Pendant 12 ans, il a co-dirig\u00e9 une entreprise de conseil en informatique en France, apportant ainsi son [&hellip;]<\/p>\n","protected":false},"author":2,"featured_media":5769,"comment_status":"closed","ping_status":"closed","sticky":false,"template":"","format":"standard","meta":{"footnotes":""},"categories":[6],"tags":[22],"class_list":["post-5768","post","type-post","status-publish","format-standard","has-post-thumbnail","hentry","category-intervenants","tag-etats-inflammatoires-en-esthetique"],"_links":{"self":[{"href":"https:\/\/colloque.physiobell.fr\/index.php\/wp-json\/wp\/v2\/posts\/5768","targetHints":{"allow":["GET"]}}],"collection":[{"href":"https:\/\/colloque.physiobell.fr\/index.php\/wp-json\/wp\/v2\/posts"}],"about":[{"href":"https:\/\/colloque.physiobell.fr\/index.php\/wp-json\/wp\/v2\/types\/post"}],"author":[{"embeddable":true,"href":"https:\/\/colloque.physiobell.fr\/index.php\/wp-json\/wp\/v2\/users\/2"}],"replies":[{"embeddable":true,"href":"https:\/\/colloque.physiobell.fr\/index.php\/wp-json\/wp\/v2\/comments?post=5768"}],"version-history":[{"count":4,"href":"https:\/\/colloque.physiobell.fr\/index.php\/wp-json\/wp\/v2\/posts\/5768\/revisions"}],"predecessor-version":[{"id":5799,"href":"https:\/\/colloque.physiobell.fr\/index.php\/wp-json\/wp\/v2\/posts\/5768\/revisions\/5799"}],"wp:featuredmedia":[{"embeddable":true,"href":"https:\/\/colloque.physiobell.fr\/index.php\/wp-json\/wp\/v2\/media\/5769"}],"wp:attachment":[{"href":"https:\/\/colloque.physiobell.fr\/index.php\/wp-json\/wp\/v2\/media?parent=5768"}],"wp:term":[{"taxonomy":"category","embeddable":true,"href":"https:\/\/colloque.physiobell.fr\/index.php\/wp-json\/wp\/v2\/categories?post=5768"},{"taxonomy":"post_tag","embeddable":true,"href":"https:\/\/colloque.physiobell.fr\/index.php\/wp-json\/wp\/v2\/tags?post=5768"}],"curies":[{"name":"wp","href":"https:\/\/api.w.org\/{rel}","templated":true}]}}