{"id":6278,"date":"2024-09-27T12:41:42","date_gmt":"2024-09-27T10:41:42","guid":{"rendered":"https:\/\/colloque.physiobell.fr\/?p=6278"},"modified":"2024-10-30T11:33:27","modified_gmt":"2024-10-30T10:33:27","slug":"alain-butnaru","status":"publish","type":"post","link":"https:\/\/colloque.physiobell.fr\/index.php\/alain-butnaru\/","title":{"rendered":"Docteur Alain Butnaru"},"content":{"rendered":"\t\t<div data-elementor-type=\"wp-post\" data-elementor-id=\"6278\" class=\"elementor elementor-6278\" data-elementor-post-type=\"post\">\n\t\t\t\t\t\t<section class=\"elementor-section elementor-top-section elementor-element elementor-element-3aa6766 elementor-section-boxed elementor-section-height-default elementor-section-height-default\" data-id=\"3aa6766\" data-element_type=\"section\" data-e-type=\"section\" data-settings=\"{&quot;background_background&quot;:&quot;classic&quot;}\">\n\t\t\t\t\t\t<div class=\"elementor-container elementor-column-gap-default\">\n\t\t\t\t\t<div class=\"elementor-column elementor-col-50 elementor-top-column elementor-element elementor-element-d1a5c3c\" data-id=\"d1a5c3c\" data-element_type=\"column\" data-e-type=\"column\">\n\t\t\t<div class=\"elementor-widget-wrap elementor-element-populated\">\n\t\t\t\t\t\t<div class=\"elementor-element elementor-element-f83ec14 elementor-widget elementor-widget-image\" data-id=\"f83ec14\" data-element_type=\"widget\" data-e-type=\"widget\" data-widget_type=\"image.default\">\n\t\t\t\t<div class=\"elementor-widget-container\">\n\t\t\t\t\t\t\t\t\t\t\t\t<figure class=\"wp-caption\">\n\t\t\t\t\t\t\t\t\t\t<img fetchpriority=\"high\" decoding=\"async\" width=\"223\" height=\"320\" src=\"https:\/\/colloque.physiobell.fr\/wp-content\/uploads\/2024\/09\/Dr-butnaru.jpg\" class=\"attachment-full size-full wp-image-6279\" alt=\"\" srcset=\"https:\/\/colloque.physiobell.fr\/wp-content\/uploads\/2024\/09\/Dr-butnaru.jpg 223w, https:\/\/colloque.physiobell.fr\/wp-content\/uploads\/2024\/09\/Dr-butnaru-209x300.jpg 209w\" sizes=\"(max-width: 223px) 100vw, 223px\" \/>\t\t\t\t\t\t\t\t\t\t\t<figcaption class=\"widget-image-caption wp-caption-text\">Alain Butnaru<\/figcaption>\n\t\t\t\t\t\t\t\t\t\t<\/figure>\n\t\t\t\t\t\t\t\t\t<\/div>\n\t\t\t\t<\/div>\n\t\t\t\t<div class=\"elementor-element elementor-element-fa14bca elementor-widget elementor-widget-text-editor\" data-id=\"fa14bca\" data-element_type=\"widget\" data-e-type=\"widget\" data-widget_type=\"text-editor.default\">\n\t\t\t\t<div class=\"elementor-widget-container\">\n\t\t\t\t\t\t\t\t\t<p>Synopsis : <a href=\"https:\/\/colloque.physiobell.fr\/index.php\/comment-depister-et-traiter-un-etat-inflammatoire-pour-une-longue-vie-en-bonne-sante-alain-butnaru\/\">Comment d\u00e9pister et traiter un \u00e9tat inflammatoire pour une longue vie, en bonne sant\u00e9<\/a><\/p><p>Site internet : <a href=\"https:\/\/www.docteuralainbutnaru.com\/\">https:\/\/www.docteuralainbutnaru.com\/<\/a><\/p>\t\t\t\t\t\t\t\t<\/div>\n\t\t\t\t<\/div>\n\t\t\t\t<div class=\"elementor-element elementor-element-8df87c9 elementor-shape-rounded elementor-grid-0 e-grid-align-center elementor-widget elementor-widget-social-icons\" data-id=\"8df87c9\" data-element_type=\"widget\" data-e-type=\"widget\" data-widget_type=\"social-icons.default\">\n\t\t\t\t<div class=\"elementor-widget-container\">\n\t\t\t\t\t\t\t<div class=\"elementor-social-icons-wrapper elementor-grid\" role=\"list\">\n\t\t\t\t\t\t\t<span class=\"elementor-grid-item\" role=\"listitem\">\n\t\t\t\t\t<a class=\"elementor-icon elementor-social-icon elementor-social-icon-instagram elementor-repeater-item-c0eb89f\" href=\"https:\/\/www.instagram.com\/docteur_alain_butnaru\/\" target=\"_blank\">\n\t\t\t\t\t\t<span class=\"elementor-screen-only\">Instagram<\/span>\n\t\t\t\t\t\t<i aria-hidden=\"true\" class=\"fab fa-instagram\"><\/i>\t\t\t\t\t<\/a>\n\t\t\t\t<\/span>\n\t\t\t\t\t\t\t<span class=\"elementor-grid-item\" role=\"listitem\">\n\t\t\t\t\t<a class=\"elementor-icon elementor-social-icon elementor-social-icon-linkedin elementor-repeater-item-3770b53\" href=\"https:\/\/www.linkedin.com\/in\/alain-butnaru-3b967a19\/\" target=\"_blank\">\n\t\t\t\t\t\t<span class=\"elementor-screen-only\">Linkedin<\/span>\n\t\t\t\t\t\t<i aria-hidden=\"true\" class=\"fab fa-linkedin\"><\/i>\t\t\t\t\t<\/a>\n\t\t\t\t<\/span>\n\t\t\t\t\t<\/div>\n\t\t\t\t\t\t<\/div>\n\t\t\t\t<\/div>\n\t\t\t\t\t<\/div>\n\t\t<\/div>\n\t\t\t\t<div class=\"elementor-column elementor-col-50 elementor-top-column elementor-element elementor-element-d2ada87\" data-id=\"d2ada87\" data-element_type=\"column\" data-e-type=\"column\">\n\t\t\t<div class=\"elementor-widget-wrap elementor-element-populated\">\n\t\t\t\t\t\t<div class=\"elementor-element elementor-element-9747b3c elementor-widget elementor-widget-text-editor\" data-id=\"9747b3c\" data-element_type=\"widget\" data-e-type=\"widget\" data-widget_type=\"text-editor.default\">\n\t\t\t\t<div class=\"elementor-widget-container\">\n\t\t\t\t\t\t\t\t\t<ul type=\"disc\"><li>\u00c9tudes CHU Lariboisi\u00e8re \u2013 St Louis,<\/li><li>Th\u00e8se le 17 mars 1983<\/li><li>Exercice exclusif de la M\u00e9decine Anti-\u00c2ge et de la M\u00e9decine Esth\u00e9tique depuis 1985<\/li><li>Ancien Pr\u00e9sident du Syndicat National des M\u00e9decins Esth\u00e9tiques<\/li><li>Membre du bureau de la Soci\u00e9t\u00e9 Fran\u00e7aise de M\u00e9decine Esth\u00e9tique<\/li><li>Membre de la Soci\u00e9t\u00e9 Fran\u00e7aise d\u2019Auriculoth\u00e9rapie<\/li><li>Dipl\u00f4me Inter-Universitaire de M\u00e9decine Morphologique et Anti-\u00c2ge<\/li><li>DIpl\u00f4me Inter-Universitaire Europ\u00e9en des Lasers M\u00e9dicaux<\/li><li>Dipl\u00f4me Inter-Universitaire \u201cAlimentation Sant\u00e9 et Micronutrition\u201d<\/li><li>Dipl\u00f4me Inter-Universitaire \u201cOb\u00e9sit\u00e9 et Vieillissement\u201d<\/li><li>Dipl\u00f4me Universitaire \u201cGyn\u00e9cologie Esth\u00e9tique\u201d<\/li><li>Dipl\u00f4m\u00e9 de l\u2019\u00c9cole Centrale d\u2019Hypnose<\/li><li>Dipl\u00f4m\u00e9 de l\u2019Institut Fran\u00e7ais d\u2019Hypnose Ericksonienne<\/li><li>Praticien E.M.D.R.<\/li><\/ul><p><b>Publications<\/b><\/p><ul type=\"disc\"><li>\u2013 Objectif Jeunesse, \u00e9d Montorgueil, 1992<\/li><li>\u2013 Vaincre la Chute des Cheveux, \u00e9d Michel Lafon, 1998<\/li><li>\u2013 La m\u00e9decine Anti-Aging, \u00e9d Grancher, 2002<\/li><li>\u2013 La M\u00e9thode Slender, \u00e9d Grancher, 2010<\/li><li>\u2013 La m\u00e9thode S.T.N., Amazon, 2019<\/li><li>\u2013 Epigen<sup>\u00d2<\/sup>, Amazon, Mars 2020<\/li><li>\u2013 Nombreux articles scientifiques<\/li><\/ul>\t\t\t\t\t\t\t\t<\/div>\n\t\t\t\t<\/div>\n\t\t\t\t\t<\/div>\n\t\t<\/div>\n\t\t\t\t\t<\/div>\n\t\t<\/section>\n\t\t\t\t<section class=\"elementor-section elementor-top-section elementor-element elementor-element-eb34b5c elementor-section-boxed elementor-section-height-default elementor-section-height-default\" data-id=\"eb34b5c\" data-element_type=\"section\" data-e-type=\"section\">\n\t\t\t\t\t\t<div class=\"elementor-container elementor-column-gap-default\">\n\t\t\t\t\t<div class=\"elementor-column elementor-col-100 elementor-top-column elementor-element elementor-element-ac5c8e2\" data-id=\"ac5c8e2\" data-element_type=\"column\" data-e-type=\"column\">\n\t\t\t<div class=\"elementor-widget-wrap\">\n\t\t\t\t\t\t\t<\/div>\n\t\t<\/div>\n\t\t\t\t\t<\/div>\n\t\t<\/section>\n\t\t\t\t<\/div>\n\t\t","protected":false},"excerpt":{"rendered":"<p>Alain Butnaru Synopsis : Comment d\u00e9pister et traiter un \u00e9tat inflammatoire pour une longue vie, en bonne sant\u00e9 Site internet : https:\/\/www.docteuralainbutnaru.com\/ Instagram Linkedin \u00c9tudes CHU Lariboisi\u00e8re \u2013 St Louis, Th\u00e8se le 17 mars 1983 Exercice exclusif de la M\u00e9decine Anti-\u00c2ge et de la M\u00e9decine Esth\u00e9tique depuis 1985 Ancien Pr\u00e9sident du Syndicat National des M\u00e9decins [&hellip;]<\/p>\n","protected":false},"author":2,"featured_media":6279,"comment_status":"closed","ping_status":"closed","sticky":false,"template":"","format":"standard","meta":{"footnotes":""},"categories":[6],"tags":[22],"class_list":["post-6278","post","type-post","status-publish","format-standard","has-post-thumbnail","hentry","category-intervenants","tag-etats-inflammatoires-en-esthetique"],"_links":{"self":[{"href":"https:\/\/colloque.physiobell.fr\/index.php\/wp-json\/wp\/v2\/posts\/6278","targetHints":{"allow":["GET"]}}],"collection":[{"href":"https:\/\/colloque.physiobell.fr\/index.php\/wp-json\/wp\/v2\/posts"}],"about":[{"href":"https:\/\/colloque.physiobell.fr\/index.php\/wp-json\/wp\/v2\/types\/post"}],"author":[{"embeddable":true,"href":"https:\/\/colloque.physiobell.fr\/index.php\/wp-json\/wp\/v2\/users\/2"}],"replies":[{"embeddable":true,"href":"https:\/\/colloque.physiobell.fr\/index.php\/wp-json\/wp\/v2\/comments?post=6278"}],"version-history":[{"count":4,"href":"https:\/\/colloque.physiobell.fr\/index.php\/wp-json\/wp\/v2\/posts\/6278\/revisions"}],"predecessor-version":[{"id":6413,"href":"https:\/\/colloque.physiobell.fr\/index.php\/wp-json\/wp\/v2\/posts\/6278\/revisions\/6413"}],"wp:featuredmedia":[{"embeddable":true,"href":"https:\/\/colloque.physiobell.fr\/index.php\/wp-json\/wp\/v2\/media\/6279"}],"wp:attachment":[{"href":"https:\/\/colloque.physiobell.fr\/index.php\/wp-json\/wp\/v2\/media?parent=6278"}],"wp:term":[{"taxonomy":"category","embeddable":true,"href":"https:\/\/colloque.physiobell.fr\/index.php\/wp-json\/wp\/v2\/categories?post=6278"},{"taxonomy":"post_tag","embeddable":true,"href":"https:\/\/colloque.physiobell.fr\/index.php\/wp-json\/wp\/v2\/tags?post=6278"}],"curies":[{"name":"wp","href":"https:\/\/api.w.org\/{rel}","templated":true}]}}