{"id":6366,"date":"2024-10-11T12:35:19","date_gmt":"2024-10-11T10:35:19","guid":{"rendered":"https:\/\/colloque.physiobell.fr\/?p=6366"},"modified":"2024-10-11T12:40:26","modified_gmt":"2024-10-11T10:40:26","slug":"complements-alimentaires-et-inflammation-franck-ropers","status":"publish","type":"post","link":"https:\/\/colloque.physiobell.fr\/index.php\/complements-alimentaires-et-inflammation-franck-ropers\/","title":{"rendered":"Compl\u00e9ments alimentaires et inflammation &#8211; Franck Ropers"},"content":{"rendered":"\t\t<div data-elementor-type=\"wp-page\" data-elementor-id=\"6366\" class=\"elementor elementor-6366\" data-elementor-post-type=\"post\">\n\t\t\t\t\t\t<section class=\"elementor-section elementor-top-section elementor-element elementor-element-d345c26 elementor-section-boxed elementor-section-height-default elementor-section-height-default\" data-id=\"d345c26\" data-element_type=\"section\" data-e-type=\"section\" data-settings=\"{&quot;background_background&quot;:&quot;classic&quot;}\">\n\t\t\t\t\t\t<div class=\"elementor-container elementor-column-gap-default\">\n\t\t\t\t\t<div class=\"elementor-column elementor-col-100 elementor-top-column elementor-element elementor-element-ef4c230\" data-id=\"ef4c230\" data-element_type=\"column\" data-e-type=\"column\">\n\t\t\t<div class=\"elementor-widget-wrap elementor-element-populated\">\n\t\t\t\t\t\t<section class=\"elementor-section elementor-inner-section elementor-element elementor-element-02cb102 elementor-section-boxed elementor-section-height-default elementor-section-height-default\" data-id=\"02cb102\" data-element_type=\"section\" data-e-type=\"section\">\n\t\t\t\t\t\t<div class=\"elementor-container elementor-column-gap-default\">\n\t\t\t\t\t<div class=\"elementor-column elementor-col-50 elementor-inner-column elementor-element elementor-element-930bec6\" data-id=\"930bec6\" data-element_type=\"column\" data-e-type=\"column\">\n\t\t\t<div class=\"elementor-widget-wrap elementor-element-populated\">\n\t\t\t\t\t\t<div class=\"elementor-element elementor-element-017e24a elementor-widget elementor-widget-text-editor\" data-id=\"017e24a\" data-element_type=\"widget\" data-e-type=\"widget\" data-widget_type=\"text-editor.default\">\n\t\t\t\t<div class=\"elementor-widget-container\">\n\t\t\t\t\t\t\t\t\t<p>Dans le monde moderne, notre alimentation ne suffit plus \u00e0 couvrir tous nos besoins nutritionnels. <a href=\"https:\/\/colloque.physiobell.fr\/index.php\/franck-ropers\/\">Franck Ropers<\/a> vous invite \u00e0 r\u00e9fl\u00e9chir dans sa conf\u00e9rence.<\/p><p>Le stress, la pollution, la transformation industrielle des aliments, et l\u2019appauvrissement des sols ont contribu\u00e9 \u00e0 des carences fr\u00e9quentes, m\u00eame chez ceux qui adoptent une alimentation \u00e9quilibr\u00e9e.<\/p><p>Face \u00e0 cette r\u00e9alit\u00e9, les compl\u00e9ments alimentaires deviennent essentiels pour soutenir la sant\u00e9 globale, pr\u00e9venir les maladies, et r\u00e9pondre \u00e0 des besoins sp\u00e9cifiques, notamment dans la lutte contre les inflammations.<\/p><p>Les <strong>inflammations<\/strong>, lorsqu\u2019elles deviennent chroniques, peuvent entra\u00eener des probl\u00e8mes de sant\u00e9 plus graves : douleurs articulaires, maladies auto-immunes, troubles digestifs, et m\u00eame des maladies cardiovasculaires.<\/p>\t\t\t\t\t\t\t\t<\/div>\n\t\t\t\t<\/div>\n\t\t\t\t\t<\/div>\n\t\t<\/div>\n\t\t\t\t<div class=\"elementor-column elementor-col-50 elementor-inner-column elementor-element elementor-element-626055e\" data-id=\"626055e\" data-element_type=\"column\" data-e-type=\"column\">\n\t\t\t<div class=\"elementor-widget-wrap elementor-element-populated\">\n\t\t\t\t\t\t<div class=\"elementor-element elementor-element-2e97ea2 elementor-widget elementor-widget-image\" data-id=\"2e97ea2\" data-element_type=\"widget\" data-e-type=\"widget\" data-widget_type=\"image.default\">\n\t\t\t\t<div class=\"elementor-widget-container\">\n\t\t\t\t\t\t\t\t\t\t\t\t<figure class=\"wp-caption\">\n\t\t\t\t\t\t\t\t\t\t<img fetchpriority=\"high\" decoding=\"async\" width=\"727\" height=\"899\" src=\"https:\/\/colloque.physiobell.fr\/wp-content\/uploads\/2024\/10\/Franck-Ropers.jpg\" class=\"attachment-large size-large wp-image-6364\" alt=\"\" srcset=\"https:\/\/colloque.physiobell.fr\/wp-content\/uploads\/2024\/10\/Franck-Ropers.jpg 727w, https:\/\/colloque.physiobell.fr\/wp-content\/uploads\/2024\/10\/Franck-Ropers-243x300.jpg 243w\" sizes=\"(max-width: 727px) 100vw, 727px\" \/>\t\t\t\t\t\t\t\t\t\t\t<figcaption class=\"widget-image-caption wp-caption-text\">Franck Ropers<\/figcaption>\n\t\t\t\t\t\t\t\t\t\t<\/figure>\n\t\t\t\t\t\t\t\t\t<\/div>\n\t\t\t\t<\/div>\n\t\t\t\t\t<\/div>\n\t\t<\/div>\n\t\t\t\t\t<\/div>\n\t\t<\/section>\n\t\t\t\t\t<\/div>\n\t\t<\/div>\n\t\t\t\t\t<\/div>\n\t\t<\/section>\n\t\t\t\t<section class=\"elementor-section elementor-top-section elementor-element elementor-element-583c659 elementor-section-boxed elementor-section-height-default elementor-section-height-default\" data-id=\"583c659\" data-element_type=\"section\" data-e-type=\"section\">\n\t\t\t\t\t\t<div class=\"elementor-container elementor-column-gap-default\">\n\t\t\t\t\t<div class=\"elementor-column elementor-col-100 elementor-top-column elementor-element elementor-element-e8468b5\" data-id=\"e8468b5\" data-element_type=\"column\" data-e-type=\"column\">\n\t\t\t<div class=\"elementor-widget-wrap elementor-element-populated\">\n\t\t\t\t\t\t<div class=\"elementor-element elementor-element-af4814d elementor-widget elementor-widget-text-editor\" data-id=\"af4814d\" data-element_type=\"widget\" data-e-type=\"widget\" data-widget_type=\"text-editor.default\">\n\t\t\t\t<div class=\"elementor-widget-container\">\n\t\t\t\t\t\t\t\t\t<p>Les compl\u00e9ments alimentaires sont une des solutions efficaces pour r\u00e9duire ces inflammations et am\u00e9liorer la qualit\u00e9 de vie.<\/p><p><strong>Prendre des compl\u00e9ments alimentaires n\u2019est pas un luxe, et n\u2019est pas r\u00e9serv\u00e9 uniquement aux sportifs de haut niveau.<\/strong><\/p><p>Il s\u2019agit d\u2019une d\u00e9marche accessible \u00e0 tous, que ce soit pour les personnes actives, s\u00e9dentaires, ou en recherche de bien-\u00eatre.<\/p><p>Les compl\u00e9ments alimentaires permettent de combler des carences nutritionnelles critiques pour maintenir une bonne sant\u00e9, optimiser les fonctions du corps, et am\u00e9liorer la qualit\u00e9 de vie au quotidien.<\/p><p>En r\u00e9sum\u00e9, les compl\u00e9ments alimentaires sont indispensables pour ceux qui veulent pr\u00e9venir les inflammations, renforcer leur syst\u00e8me immunitaire, et pr\u00e9server leur sant\u00e9 \u00e0 long terme.<\/p><p>Ils ne sont pas simplement un outil de performance sportive, mais une ressource cl\u00e9 pour vieillir en meilleure sant\u00e9 et prolonger leur vitalit\u00e9.<\/p>\t\t\t\t\t\t\t\t<\/div>\n\t\t\t\t<\/div>\n\t\t\t\t\t<\/div>\n\t\t<\/div>\n\t\t\t\t\t<\/div>\n\t\t<\/section>\n\t\t\t\t<\/div>\n\t\t","protected":false},"excerpt":{"rendered":"<p>Dans le monde moderne, notre alimentation ne suffit plus \u00e0 couvrir tous nos besoins nutritionnels. Franck Ropers vous invite \u00e0 r\u00e9fl\u00e9chir dans sa conf\u00e9rence. Le stress, la pollution, la transformation industrielle des aliments, et l\u2019appauvrissement des sols ont contribu\u00e9 \u00e0 des carences fr\u00e9quentes, m\u00eame chez ceux qui adoptent une alimentation \u00e9quilibr\u00e9e. Face \u00e0 cette r\u00e9alit\u00e9, [&hellip;]<\/p>\n","protected":false},"author":2,"featured_media":6364,"comment_status":"closed","ping_status":"closed","sticky":false,"template":"","format":"standard","meta":{"footnotes":""},"categories":[9],"tags":[22],"class_list":["post-6366","post","type-post","status-publish","format-standard","has-post-thumbnail","hentry","category-synopsis","tag-etats-inflammatoires-en-esthetique"],"_links":{"self":[{"href":"https:\/\/colloque.physiobell.fr\/index.php\/wp-json\/wp\/v2\/posts\/6366","targetHints":{"allow":["GET"]}}],"collection":[{"href":"https:\/\/colloque.physiobell.fr\/index.php\/wp-json\/wp\/v2\/posts"}],"about":[{"href":"https:\/\/colloque.physiobell.fr\/index.php\/wp-json\/wp\/v2\/types\/post"}],"author":[{"embeddable":true,"href":"https:\/\/colloque.physiobell.fr\/index.php\/wp-json\/wp\/v2\/users\/2"}],"replies":[{"embeddable":true,"href":"https:\/\/colloque.physiobell.fr\/index.php\/wp-json\/wp\/v2\/comments?post=6366"}],"version-history":[{"count":4,"href":"https:\/\/colloque.physiobell.fr\/index.php\/wp-json\/wp\/v2\/posts\/6366\/revisions"}],"predecessor-version":[{"id":6382,"href":"https:\/\/colloque.physiobell.fr\/index.php\/wp-json\/wp\/v2\/posts\/6366\/revisions\/6382"}],"wp:featuredmedia":[{"embeddable":true,"href":"https:\/\/colloque.physiobell.fr\/index.php\/wp-json\/wp\/v2\/media\/6364"}],"wp:attachment":[{"href":"https:\/\/colloque.physiobell.fr\/index.php\/wp-json\/wp\/v2\/media?parent=6366"}],"wp:term":[{"taxonomy":"category","embeddable":true,"href":"https:\/\/colloque.physiobell.fr\/index.php\/wp-json\/wp\/v2\/categories?post=6366"},{"taxonomy":"post_tag","embeddable":true,"href":"https:\/\/colloque.physiobell.fr\/index.php\/wp-json\/wp\/v2\/tags?post=6366"}],"curies":[{"name":"wp","href":"https:\/\/api.w.org\/{rel}","templated":true}]}}