{"id":7136,"date":"2026-01-18T16:12:19","date_gmt":"2026-01-18T15:12:19","guid":{"rendered":"https:\/\/colloque.physiobell.fr\/?p=7136"},"modified":"2026-04-25T07:51:18","modified_gmt":"2026-04-25T05:51:18","slug":"jean-lionel-bagot","status":"publish","type":"post","link":"https:\/\/colloque.physiobell.fr\/index.php\/jean-lionel-bagot\/","title":{"rendered":"Dr Jean-Lionel Bagot"},"content":{"rendered":"\t\t<div data-elementor-type=\"wp-post\" data-elementor-id=\"7136\" class=\"elementor elementor-7136\" data-elementor-post-type=\"post\">\n\t\t\t\t\t\t<section class=\"elementor-section elementor-top-section elementor-element elementor-element-e97fbfe elementor-section-boxed elementor-section-height-default elementor-section-height-default\" data-id=\"e97fbfe\" data-element_type=\"section\" data-e-type=\"section\">\n\t\t\t\t\t\t<div class=\"elementor-container elementor-column-gap-default\">\n\t\t\t\t\t<div class=\"elementor-column elementor-col-50 elementor-top-column elementor-element elementor-element-dd41052\" data-id=\"dd41052\" data-element_type=\"column\" data-e-type=\"column\">\n\t\t\t<div class=\"elementor-widget-wrap elementor-element-populated\">\n\t\t\t\t\t\t<div class=\"elementor-element elementor-element-21102a5 elementor-widget elementor-widget-image\" data-id=\"21102a5\" data-element_type=\"widget\" data-e-type=\"widget\" data-widget_type=\"image.default\">\n\t\t\t\t<div class=\"elementor-widget-container\">\n\t\t\t\t\t\t\t\t\t\t\t\t<figure class=\"wp-caption\">\n\t\t\t\t\t\t\t\t\t\t<img fetchpriority=\"high\" decoding=\"async\" width=\"800\" height=\"800\" src=\"https:\/\/colloque.physiobell.fr\/wp-content\/uploads\/2026\/01\/AW5A2849-Copie-e1768750594563-1024x1024.jpg\" class=\"attachment-large size-large wp-image-7137\" alt=\"\" srcset=\"https:\/\/colloque.physiobell.fr\/wp-content\/uploads\/2026\/01\/AW5A2849-Copie-e1768750594563-1024x1024.jpg 1024w, https:\/\/colloque.physiobell.fr\/wp-content\/uploads\/2026\/01\/AW5A2849-Copie-e1768750594563-300x300.jpg 300w, https:\/\/colloque.physiobell.fr\/wp-content\/uploads\/2026\/01\/AW5A2849-Copie-e1768750594563-150x150.jpg 150w, https:\/\/colloque.physiobell.fr\/wp-content\/uploads\/2026\/01\/AW5A2849-Copie-e1768750594563-768x768.jpg 768w, https:\/\/colloque.physiobell.fr\/wp-content\/uploads\/2026\/01\/AW5A2849-Copie-e1768750594563.jpg 1034w\" sizes=\"(max-width: 800px) 100vw, 800px\" \/>\t\t\t\t\t\t\t\t\t\t\t<figcaption class=\"widget-image-caption wp-caption-text\">Jean-Lionel Bagot<\/figcaption>\n\t\t\t\t\t\t\t\t\t\t<\/figure>\n\t\t\t\t\t\t\t\t\t<\/div>\n\t\t\t\t<\/div>\n\t\t\t\t<div class=\"elementor-element elementor-element-ca9c808 elementor-widget elementor-widget-heading\" data-id=\"ca9c808\" data-element_type=\"widget\" data-e-type=\"widget\" data-widget_type=\"heading.default\">\n\t\t\t\t<div class=\"elementor-widget-container\">\n\t\t\t\t\t<h2 class=\"elementor-heading-title elementor-size-default\">Sa conf\u00e9rence<\/h2>\t\t\t\t<\/div>\n\t\t\t\t<\/div>\n\t\t\t\t<div class=\"elementor-element elementor-element-bf4f2c9 elementor-widget elementor-widget-text-editor\" data-id=\"bf4f2c9\" data-element_type=\"widget\" data-e-type=\"widget\" data-widget_type=\"text-editor.default\">\n\t\t\t\t<div class=\"elementor-widget-container\">\n\t\t\t\t\t\t\t\t\t<h2 class=\"entry-title\"><a href=\"https:\/\/colloque.physiobell.fr\/index.php\/la-place-de-lestheticienne-aupres-des-personnes-atteintes-de-cancer\/\">La place de la socio-esth\u00e9ticienne aupr\u00e8s des personnes atteintes de cancer<\/a><\/h2>\t\t\t\t\t\t\t\t<\/div>\n\t\t\t\t<\/div>\n\t\t\t\t<div class=\"elementor-element elementor-element-b67d635 elementor-widget elementor-widget-video\" data-id=\"b67d635\" data-element_type=\"widget\" data-e-type=\"widget\" data-settings=\"{&quot;youtube_url&quot;:&quot;https:\\\/\\\/youtu.be\\\/CWeBKZ3Q9V0&quot;,&quot;video_type&quot;:&quot;youtube&quot;,&quot;controls&quot;:&quot;yes&quot;}\" data-widget_type=\"video.default\">\n\t\t\t\t<div class=\"elementor-widget-container\">\n\t\t\t\t\t\t\t<div class=\"elementor-wrapper elementor-open-inline\">\n\t\t\t<div class=\"elementor-video\"><\/div>\t\t<\/div>\n\t\t\t\t\t\t<\/div>\n\t\t\t\t<\/div>\n\t\t\t\t\t<\/div>\n\t\t<\/div>\n\t\t\t\t<div class=\"elementor-column elementor-col-50 elementor-top-column elementor-element elementor-element-95060d6\" data-id=\"95060d6\" data-element_type=\"column\" data-e-type=\"column\">\n\t\t\t<div class=\"elementor-widget-wrap elementor-element-populated\">\n\t\t\t\t\t\t<div class=\"elementor-element elementor-element-61e9c0f elementor-widget elementor-widget-text-editor\" data-id=\"61e9c0f\" data-element_type=\"widget\" data-e-type=\"widget\" data-widget_type=\"text-editor.default\">\n\t\t\t\t<div class=\"elementor-widget-container\">\n\t\t\t\t\t\t\t\t\t<p>Le Dr <strong>Jean-Lionel Bagot<\/strong> est m\u00e9decin, auteur et conf\u00e9rencier, sp\u00e9cialis\u00e9 depuis de nombreuses ann\u00e9es dans l\u2019accompagnement des personnes atteintes de cancer.<\/p><p>Tr\u00e8s t\u00f4t, il s\u2019est int\u00e9ress\u00e9 \u00e0 ce que vivent r\u00e9ellement les personnes au-del\u00e0 des traitements : le corps transform\u00e9, la fatigue, les \u00e9motions, l\u2019image de soi, le besoin d\u2019\u00e9coute et de soutien.<\/p><p>Pr\u00e9curseur en oncologie int\u00e9grative, il a cr\u00e9\u00e9 la premi\u00e8re consultation de soins de support hom\u00e9opathiques dans un CHU fran\u00e7ais, puis fond\u00e9 en 2019, \u00e0 Strasbourg, le premier <a href=\"https:\/\/www.ghsv.org\/loffre-de-soins\/medecine\/oncologie\/hopital-de-jour-oncologie-clinique-la-toussaint\/\">h\u00f4pital de jour de soins int\u00e9gratifs en oncologie<\/a>. Il y travaille aux c\u00f4t\u00e9s de professionnels de sant\u00e9 et de praticiens du soin, dans une approche globale, centr\u00e9e sur la personne. La socio-esth\u00e9ticienne, fait partie int\u00e9grante de l\u2019\u00e9quipe de soin.<\/p><p>Conf\u00e9rencier en France et \u00e0 l\u2019international, enseignant \u00e0 la facult\u00e9 de m\u00e9decine et de pharmacie de Strasbourg, il est \u00e9galement l\u2019auteur de <a href=\"https:\/\/www.researchgate.net\/\">nombreux articles<\/a> et ouvrages consacr\u00e9s aux soins de support en canc\u00e9rologie. Premier guide de soins de support int\u00e9gratifs hom\u00e9opathiques en oncologie, la troisi\u00e8me \u00e9dition de son livre \u00ab<a href=\"editions-narayana.fr\/Cancer-et-homeopathie-Jean-Lionel-Bagot\/b20714?psafe_param=1\/partner\/adw_dyn_fr&amp;gad_source=1&amp;gad_campaignid=360653041&amp;gbraid=0AAAAAD_PAL1xqr2LtEYE9vd2bcFNJAulo&amp;gclid=Cj0KCQiAg63LBhDtARIsAJygHZ6CyOnM4ZRO4qlhPpiUAzqDScxomGfs-NZmzd0gwdyo5MC1pPsMwjEaApZ-EALw_wcB\">\u00a0<strong><em>Cancer et hom\u00e9opathie<\/em><\/strong>, rester en forme et mieux supporter les traitements\u00a0<\/a>\u00bb s\u2019adresse directement aux patients et patientes atteintes de cancer pour les aider \u00e0 mieux traverser et comprendre la maladie et les soins qu\u2019elle n\u00e9cessite.<\/p><p>Il partagera dans sa conf\u00e9rence une exp\u00e9rience de terrain nourrie par 25 ann\u00e9es d\u2019\u00e9coute des personnes atteintes de cancer.<\/p><p><u>Le Dr Jean-Lionel Bagot est\u00a0:<\/u><\/p><p>Pr\u00e9sident de la <a href=\"http:\/\/www.shisso-info.com\">Soci\u00e9t\u00e9 Hom\u00e9opathique Internationale de Soins de Support en Oncologie<\/a><\/p><p>Tr\u00e9sorier et Responsable scientifique de la <a href=\"https:\/\/www.sfoi.fr\/\">Soci\u00e9t\u00e9 Fran\u00e7aise d\u2019Oncologie Int\u00e9grative<\/a><\/p><p>Pr\u00e9sident de la <a href=\"https:\/\/www.societe-homeopathique-est.fr\/\">Soci\u00e9t\u00e9 Hom\u00e9opathique de l\u2019Est<\/a><\/p><p>Membre associ\u00e9 du <a href=\"https:\/\/www.cumic.fr\/\">Coll\u00e8ge Universitaire des M\u00e9decines Int\u00e9gratives et Compl\u00e9mentaires<\/a><\/p><h2>O\u00f9 retrouver le docteur Jean-Lionel Bagot :\u00a0<\/h2><p style=\"font-weight: 400;\">Son site : <a href=\"https:\/\/www.dr-bagot.com\/\" data-saferedirecturl=\"https:\/\/www.google.com\/url?q=https:\/\/www.dr-bagot.com\/&amp;source=gmail&amp;ust=1769426683647000&amp;usg=AOvVaw3Zn_ot_hMXLXCjc6GWHyXh\">https:\/\/www.dr-bagot.com\/<\/a><\/p><p style=\"font-weight: 400;\">Le site de la SHISSO\u00a0:\u00a0<a href=\"https:\/\/www.shisso-info.com\/\" data-saferedirecturl=\"https:\/\/www.google.com\/url?q=https:\/\/www.shisso-info.com\/&amp;source=gmail&amp;ust=1769426683647000&amp;usg=AOvVaw2_U2LJAfDrRj1GljFPVEdd\">https:\/\/www.shisso-info.com\/<\/a><\/p><p style=\"font-weight: 400;\">Le site de la SFOI\u00a0:\u00a0<a href=\"https:\/\/www.sfoi.fr\/\" data-saferedirecturl=\"https:\/\/www.google.com\/url?q=https:\/\/www.sfoi.fr\/&amp;source=gmail&amp;ust=1769426683647000&amp;usg=AOvVaw30evcLNtupTTKFf5nQszgN\">https:\/\/www.sfoi.fr\/<\/a><\/p><p style=\"font-weight: 400;\">Linkedin\u00a0:\u00a0<a href=\"https:\/\/www.linkedin.com\/in\/jean-lionel-bagot-2045a9a1\/\" data-saferedirecturl=\"https:\/\/www.google.com\/url?q=https:\/\/www.linkedin.com\/in\/jean-lionel-bagot-2045a9a1\/&amp;source=gmail&amp;ust=1769426683647000&amp;usg=AOvVaw1qRRmqAuOJT5aV1_6Va_w6\">https:\/\/www.linkedin.com\/in\/jean-lionel-bagot-2045a9a1\/<\/a><\/p><p style=\"font-weight: 400;\">\u00a0<\/p>\t\t\t\t\t\t\t\t<\/div>\n\t\t\t\t<\/div>\n\t\t\t\t\t<\/div>\n\t\t<\/div>\n\t\t\t\t\t<\/div>\n\t\t<\/section>\n\t\t\t\t<\/div>\n\t\t","protected":false},"excerpt":{"rendered":"<p>Jean-Lionel Bagot Sa conf\u00e9rence La place de la socio-esth\u00e9ticienne aupr\u00e8s des personnes atteintes de cancer https:\/\/youtu.be\/CWeBKZ3Q9V0 Le Dr Jean-Lionel Bagot est m\u00e9decin, auteur et conf\u00e9rencier, sp\u00e9cialis\u00e9 depuis de nombreuses ann\u00e9es dans l\u2019accompagnement des personnes atteintes de cancer. Tr\u00e8s t\u00f4t, il s\u2019est int\u00e9ress\u00e9 \u00e0 ce que vivent r\u00e9ellement les personnes au-del\u00e0 des traitements : le corps [&hellip;]<\/p>\n","protected":false},"author":2,"featured_media":7137,"comment_status":"closed","ping_status":"closed","sticky":false,"template":"","format":"standard","meta":{"footnotes":""},"categories":[6],"tags":[31],"class_list":["post-7136","post","type-post","status-publish","format-standard","has-post-thumbnail","hentry","category-intervenants","tag-colloque-2026"],"_links":{"self":[{"href":"https:\/\/colloque.physiobell.fr\/index.php\/wp-json\/wp\/v2\/posts\/7136","targetHints":{"allow":["GET"]}}],"collection":[{"href":"https:\/\/colloque.physiobell.fr\/index.php\/wp-json\/wp\/v2\/posts"}],"about":[{"href":"https:\/\/colloque.physiobell.fr\/index.php\/wp-json\/wp\/v2\/types\/post"}],"author":[{"embeddable":true,"href":"https:\/\/colloque.physiobell.fr\/index.php\/wp-json\/wp\/v2\/users\/2"}],"replies":[{"embeddable":true,"href":"https:\/\/colloque.physiobell.fr\/index.php\/wp-json\/wp\/v2\/comments?post=7136"}],"version-history":[{"count":26,"href":"https:\/\/colloque.physiobell.fr\/index.php\/wp-json\/wp\/v2\/posts\/7136\/revisions"}],"predecessor-version":[{"id":8039,"href":"https:\/\/colloque.physiobell.fr\/index.php\/wp-json\/wp\/v2\/posts\/7136\/revisions\/8039"}],"wp:featuredmedia":[{"embeddable":true,"href":"https:\/\/colloque.physiobell.fr\/index.php\/wp-json\/wp\/v2\/media\/7137"}],"wp:attachment":[{"href":"https:\/\/colloque.physiobell.fr\/index.php\/wp-json\/wp\/v2\/media?parent=7136"}],"wp:term":[{"taxonomy":"category","embeddable":true,"href":"https:\/\/colloque.physiobell.fr\/index.php\/wp-json\/wp\/v2\/categories?post=7136"},{"taxonomy":"post_tag","embeddable":true,"href":"https:\/\/colloque.physiobell.fr\/index.php\/wp-json\/wp\/v2\/tags?post=7136"}],"curies":[{"name":"wp","href":"https:\/\/api.w.org\/{rel}","templated":true}]}}