{"id":7149,"date":"2026-01-18T16:14:03","date_gmt":"2026-01-18T15:14:03","guid":{"rendered":"https:\/\/colloque.physiobell.fr\/?p=7149"},"modified":"2026-04-25T07:50:14","modified_gmt":"2026-04-25T05:50:14","slug":"la-place-de-lestheticienne-aupres-des-personnes-atteintes-de-cancer","status":"publish","type":"post","link":"https:\/\/colloque.physiobell.fr\/index.php\/la-place-de-lestheticienne-aupres-des-personnes-atteintes-de-cancer\/","title":{"rendered":"La place de la socio-esth\u00e9ticienne aupr\u00e8s des personnes atteintes de cancer"},"content":{"rendered":"\t\t<div data-elementor-type=\"wp-post\" data-elementor-id=\"7149\" class=\"elementor elementor-7149\" data-elementor-post-type=\"post\">\n\t\t\t\t\t\t<section class=\"elementor-section elementor-top-section elementor-element elementor-element-bc016e0 elementor-section-boxed elementor-section-height-default elementor-section-height-default\" data-id=\"bc016e0\" data-element_type=\"section\" data-e-type=\"section\">\n\t\t\t\t\t\t<div class=\"elementor-container elementor-column-gap-default\">\n\t\t\t\t\t<div class=\"elementor-column elementor-col-50 elementor-top-column elementor-element elementor-element-40dc03d\" data-id=\"40dc03d\" data-element_type=\"column\" data-e-type=\"column\">\n\t\t\t<div class=\"elementor-widget-wrap elementor-element-populated\">\n\t\t\t\t\t\t<div class=\"elementor-element elementor-element-0b12209 elementor-widget elementor-widget-image\" data-id=\"0b12209\" data-element_type=\"widget\" data-e-type=\"widget\" data-widget_type=\"image.default\">\n\t\t\t\t<div class=\"elementor-widget-container\">\n\t\t\t\t\t\t\t\t\t\t\t\t<figure class=\"wp-caption\">\n\t\t\t\t\t\t\t\t\t\t<img fetchpriority=\"high\" decoding=\"async\" width=\"800\" height=\"800\" src=\"https:\/\/colloque.physiobell.fr\/wp-content\/uploads\/2026\/01\/AW5A2849-Copie-e1768750594563-1024x1024.jpg\" class=\"attachment-large size-large wp-image-7137\" alt=\"\" srcset=\"https:\/\/colloque.physiobell.fr\/wp-content\/uploads\/2026\/01\/AW5A2849-Copie-e1768750594563-1024x1024.jpg 1024w, https:\/\/colloque.physiobell.fr\/wp-content\/uploads\/2026\/01\/AW5A2849-Copie-e1768750594563-300x300.jpg 300w, https:\/\/colloque.physiobell.fr\/wp-content\/uploads\/2026\/01\/AW5A2849-Copie-e1768750594563-150x150.jpg 150w, https:\/\/colloque.physiobell.fr\/wp-content\/uploads\/2026\/01\/AW5A2849-Copie-e1768750594563-768x768.jpg 768w, https:\/\/colloque.physiobell.fr\/wp-content\/uploads\/2026\/01\/AW5A2849-Copie-e1768750594563.jpg 1034w\" sizes=\"(max-width: 800px) 100vw, 800px\" \/>\t\t\t\t\t\t\t\t\t\t\t<figcaption class=\"widget-image-caption wp-caption-text\">Jean-Lionel Bagot<\/figcaption>\n\t\t\t\t\t\t\t\t\t\t<\/figure>\n\t\t\t\t\t\t\t\t\t<\/div>\n\t\t\t\t<\/div>\n\t\t\t\t<div class=\"elementor-element elementor-element-5e1a705 elementor-widget elementor-widget-text-editor\" data-id=\"5e1a705\" data-element_type=\"widget\" data-e-type=\"widget\" data-widget_type=\"text-editor.default\">\n\t\t\t\t<div class=\"elementor-widget-container\">\n\t\t\t\t\t\t\t\t\t<h2><a href=\"https:\/\/colloque.physiobell.fr\/index.php\/jean-lionel-bagot\/\">En savoir plus sur le docteur Jean-Lionel Bagot\u00a0<\/a><\/h2>\t\t\t\t\t\t\t\t<\/div>\n\t\t\t\t<\/div>\n\t\t\t\t\t<\/div>\n\t\t<\/div>\n\t\t\t\t<div class=\"elementor-column elementor-col-50 elementor-top-column elementor-element elementor-element-253742f\" data-id=\"253742f\" data-element_type=\"column\" data-e-type=\"column\">\n\t\t\t<div class=\"elementor-widget-wrap elementor-element-populated\">\n\t\t\t\t\t\t<div class=\"elementor-element elementor-element-7ca7bc7 elementor-widget elementor-widget-text-editor\" data-id=\"7ca7bc7\" data-element_type=\"widget\" data-e-type=\"widget\" data-widget_type=\"text-editor.default\">\n\t\t\t\t<div class=\"elementor-widget-container\">\n\t\t\t\t\t\t\t\t\t<p>Cette conf\u00e9rence s\u2019appuie sur une \u00e9tude qualitative men\u00e9e aupr\u00e8s de personnes suivies dans un H\u00f4pital de Jour de d\u2019Oncologie Int\u00e9grative \u00e0 Strasbourg. Cette \u00e9tude permet de mieux comprendre, \u00e0 travers l\u2019analyse des t\u00e9moignages, l\u2019int\u00e9r\u00eat et les particularit\u00e9s des soins esth\u00e9tiques en oncologie. Les r\u00e9sultats mettent en \u00e9vidence la place originale de la socio-esth\u00e9ticienne aupr\u00e8s des personnes atteintes de cancer comme au sein de l\u2019\u00e9quipe.<\/p><p>La conf\u00e9rence se veut avant tout <strong>concr\u00e8te et utile au quotidien<\/strong>. Comment accueillir une personne atteinte de cancer dans son institut ,? Quelles sont les particularit\u00e9s li\u00e9es \u00e0 la maladie et aux traitements ? Quelle posture adopter, quelle \u00e9coute d\u00e9velopper, quels mots choisir ou \u00e9viter, quelles attitudes privil\u00e9gier ?<\/p><p>De nombreux exemples issus du terrain, mises en situation et conseils pratiques vous permettront une application imm\u00e9diate. Un temps d\u2019\u00e9change et de questions-r\u00e9ponses viendra cl\u00f4turer la rencontre afin d\u2019aborder tous les sujets.<\/p>\t\t\t\t\t\t\t\t<\/div>\n\t\t\t\t<\/div>\n\t\t\t\t\t<\/div>\n\t\t<\/div>\n\t\t\t\t\t<\/div>\n\t\t<\/section>\n\t\t\t\t<section class=\"elementor-section elementor-top-section elementor-element elementor-element-df0120b elementor-section-boxed elementor-section-height-default elementor-section-height-default\" data-id=\"df0120b\" data-element_type=\"section\" data-e-type=\"section\">\n\t\t\t\t\t\t<div class=\"elementor-container elementor-column-gap-default\">\n\t\t\t\t\t<div class=\"elementor-column elementor-col-100 elementor-top-column elementor-element elementor-element-9336e76\" data-id=\"9336e76\" data-element_type=\"column\" data-e-type=\"column\">\n\t\t\t<div class=\"elementor-widget-wrap\">\n\t\t\t\t\t\t\t<\/div>\n\t\t<\/div>\n\t\t\t\t\t<\/div>\n\t\t<\/section>\n\t\t\t\t<\/div>\n\t\t","protected":false},"excerpt":{"rendered":"<p>Jean-Lionel Bagot En savoir plus sur le docteur Jean-Lionel Bagot\u00a0 Cette conf\u00e9rence s\u2019appuie sur une \u00e9tude qualitative men\u00e9e aupr\u00e8s de personnes suivies dans un H\u00f4pital de Jour de d\u2019Oncologie Int\u00e9grative \u00e0 Strasbourg. Cette \u00e9tude permet de mieux comprendre, \u00e0 travers l\u2019analyse des t\u00e9moignages, l\u2019int\u00e9r\u00eat et les particularit\u00e9s des soins esth\u00e9tiques en oncologie. Les r\u00e9sultats mettent [&hellip;]<\/p>\n","protected":false},"author":2,"featured_media":7137,"comment_status":"closed","ping_status":"closed","sticky":false,"template":"","format":"standard","meta":{"footnotes":""},"categories":[1],"tags":[],"class_list":["post-7149","post","type-post","status-publish","format-standard","has-post-thumbnail","hentry","category-non-classe"],"_links":{"self":[{"href":"https:\/\/colloque.physiobell.fr\/index.php\/wp-json\/wp\/v2\/posts\/7149","targetHints":{"allow":["GET"]}}],"collection":[{"href":"https:\/\/colloque.physiobell.fr\/index.php\/wp-json\/wp\/v2\/posts"}],"about":[{"href":"https:\/\/colloque.physiobell.fr\/index.php\/wp-json\/wp\/v2\/types\/post"}],"author":[{"embeddable":true,"href":"https:\/\/colloque.physiobell.fr\/index.php\/wp-json\/wp\/v2\/users\/2"}],"replies":[{"embeddable":true,"href":"https:\/\/colloque.physiobell.fr\/index.php\/wp-json\/wp\/v2\/comments?post=7149"}],"version-history":[{"count":14,"href":"https:\/\/colloque.physiobell.fr\/index.php\/wp-json\/wp\/v2\/posts\/7149\/revisions"}],"predecessor-version":[{"id":8036,"href":"https:\/\/colloque.physiobell.fr\/index.php\/wp-json\/wp\/v2\/posts\/7149\/revisions\/8036"}],"wp:featuredmedia":[{"embeddable":true,"href":"https:\/\/colloque.physiobell.fr\/index.php\/wp-json\/wp\/v2\/media\/7137"}],"wp:attachment":[{"href":"https:\/\/colloque.physiobell.fr\/index.php\/wp-json\/wp\/v2\/media?parent=7149"}],"wp:term":[{"taxonomy":"category","embeddable":true,"href":"https:\/\/colloque.physiobell.fr\/index.php\/wp-json\/wp\/v2\/categories?post=7149"},{"taxonomy":"post_tag","embeddable":true,"href":"https:\/\/colloque.physiobell.fr\/index.php\/wp-json\/wp\/v2\/tags?post=7149"}],"curies":[{"name":"wp","href":"https:\/\/api.w.org\/{rel}","templated":true}]}}