{"id":7317,"date":"2026-01-19T17:20:46","date_gmt":"2026-01-19T16:20:46","guid":{"rendered":"https:\/\/colloque.physiobell.fr\/?p=7317"},"modified":"2026-01-19T17:37:45","modified_gmt":"2026-01-19T16:37:45","slug":"jessie-breard-hubert","status":"publish","type":"post","link":"https:\/\/colloque.physiobell.fr\/index.php\/jessie-breard-hubert\/","title":{"rendered":"Jessie Br\u00e9ard Hubert"},"content":{"rendered":"\t\t<div data-elementor-type=\"wp-post\" data-elementor-id=\"7317\" class=\"elementor elementor-7317\" data-elementor-post-type=\"post\">\n\t\t\t\t\t\t<section class=\"elementor-section elementor-top-section elementor-element elementor-element-a05a93e elementor-section-boxed elementor-section-height-default elementor-section-height-default\" data-id=\"a05a93e\" data-element_type=\"section\" data-e-type=\"section\">\n\t\t\t\t\t\t<div class=\"elementor-container elementor-column-gap-default\">\n\t\t\t\t\t<div class=\"elementor-column elementor-col-50 elementor-top-column elementor-element elementor-element-d2fe1ea\" data-id=\"d2fe1ea\" data-element_type=\"column\" data-e-type=\"column\">\n\t\t\t<div class=\"elementor-widget-wrap elementor-element-populated\">\n\t\t\t\t\t\t<div class=\"elementor-element elementor-element-0ced4ef elementor-widget elementor-widget-image\" data-id=\"0ced4ef\" data-element_type=\"widget\" data-e-type=\"widget\" data-widget_type=\"image.default\">\n\t\t\t\t<div class=\"elementor-widget-container\">\n\t\t\t\t\t\t\t\t\t\t\t\t<figure class=\"wp-caption\">\n\t\t\t\t\t\t\t\t\t\t<img fetchpriority=\"high\" decoding=\"async\" width=\"800\" height=\"800\" src=\"https:\/\/colloque.physiobell.fr\/wp-content\/uploads\/2026\/01\/Jessie-Breard-Hubert-scaled-e1768840100975-1024x1024.jpg\" class=\"attachment-large size-large wp-image-7319\" alt=\"\" srcset=\"https:\/\/colloque.physiobell.fr\/wp-content\/uploads\/2026\/01\/Jessie-Breard-Hubert-scaled-e1768840100975-1024x1024.jpg 1024w, https:\/\/colloque.physiobell.fr\/wp-content\/uploads\/2026\/01\/Jessie-Breard-Hubert-scaled-e1768840100975-300x300.jpg 300w, https:\/\/colloque.physiobell.fr\/wp-content\/uploads\/2026\/01\/Jessie-Breard-Hubert-scaled-e1768840100975-150x150.jpg 150w, https:\/\/colloque.physiobell.fr\/wp-content\/uploads\/2026\/01\/Jessie-Breard-Hubert-scaled-e1768840100975-768x768.jpg 768w, https:\/\/colloque.physiobell.fr\/wp-content\/uploads\/2026\/01\/Jessie-Breard-Hubert-scaled-e1768840100975-1536x1536.jpg 1536w, https:\/\/colloque.physiobell.fr\/wp-content\/uploads\/2026\/01\/Jessie-Breard-Hubert-scaled-e1768840100975.jpg 1707w\" sizes=\"(max-width: 800px) 100vw, 800px\" \/>\t\t\t\t\t\t\t\t\t\t\t<figcaption class=\"widget-image-caption wp-caption-text\">Jessie Br\u00e9ard Hubert<\/figcaption>\n\t\t\t\t\t\t\t\t\t\t<\/figure>\n\t\t\t\t\t\t\t\t\t<\/div>\n\t\t\t\t<\/div>\n\t\t\t\t<div class=\"elementor-element elementor-element-328fa0f elementor-widget elementor-widget-text-editor\" data-id=\"328fa0f\" data-element_type=\"widget\" data-e-type=\"widget\" data-widget_type=\"text-editor.default\">\n\t\t\t\t<div class=\"elementor-widget-container\">\n\t\t\t\t\t\t\t\t\t<h2>Sa conf\u00e9rence<\/h2>\n<h2><a href=\"https:\/\/colloque.physiobell.fr\/index.php\/massage-et-cancer-chez-la-femme\/\">Massage et cancer chez la femme<\/a><\/h2>\n<p><strong>Mon site internet :<\/strong>\u00a0<a href=\"http:\/\/www.jessie-breard.com\/\">www.jessie-breard.com<\/a><\/p>\t\t\t\t\t\t\t\t<\/div>\n\t\t\t\t<\/div>\n\t\t\t\t\t<\/div>\n\t\t<\/div>\n\t\t\t\t<div class=\"elementor-column elementor-col-50 elementor-top-column elementor-element elementor-element-4a37aee\" data-id=\"4a37aee\" data-element_type=\"column\" data-e-type=\"column\">\n\t\t\t<div class=\"elementor-widget-wrap elementor-element-populated\">\n\t\t\t\t\t\t<div class=\"elementor-element elementor-element-7819464 elementor-widget elementor-widget-text-editor\" data-id=\"7819464\" data-element_type=\"widget\" data-e-type=\"widget\" data-widget_type=\"text-editor.default\">\n\t\t\t\t<div class=\"elementor-widget-container\">\n\t\t\t\t\t\t\t\t\t<p>Apr\u00e8s un dipl\u00f4me en ing\u00e9nierie financi\u00e8re et plusieurs ann\u00e9es aux c\u00f4t\u00e9s de chefs d&rsquo;entreprise, mon parcours a pris un tournant inattendu. La gestion d&rsquo;un spa en Normandie m&rsquo;a fait d\u00e9couvrir l&rsquo;univers du massage, une r\u00e9v\u00e9lation qui s&rsquo;est rapidement transform\u00e9e en vocation.<\/p><p>Les d\u00e9buts ont \u00e9t\u00e9 instinctifs, port\u00e9s par le ressenti. Puis, la formation a structur\u00e9 mon approche : massage tha\u00ef, protocoles des maisons Cinq Mondes, Thalgo, Th\u00e9ma\u00e9\u2026 D\u00e9sireuse de comprendre le toucher dans toute sa diversit\u00e9, j&rsquo;ai voyag\u00e9 \u00e0 l&rsquo;\u00e9tranger pour \u00e9tudier les approches culturelles du massage et affiner ma pratique.<\/p><p>Mais c&rsquo;est une \u00e9preuve personnelle qui a marqu\u00e9 le v\u00e9ritable tournant de mon parcours. Face \u00e0 la maladie, face \u00e0 ma propre vuln\u00e9rabilit\u00e9, j&rsquo;ai pris conscience de l&rsquo;impact profond du toucher sur le bien-\u00eatre et la reconstruction.<\/p><p>De cette \u00e9preuve est n\u00e9e une conviction, puis une m\u00e9thode : le Massage Convalescence\u00ae, con\u00e7u pour accompagner les personnes en situation de fragilit\u00e9 et s&rsquo;int\u00e9grer dans un parcours de sant\u00e9 int\u00e9grative.<\/p><p>Aujourd&rsquo;hui, je pratique dans mon cabinet \u00e0 l&rsquo;espace sant\u00e9 Santorin ainsi qu&rsquo;\u00e0 L&rsquo; Institut Rafael \u00e0 Paris. Je forme \u00e9galement des professionnels \u00e0 mon approche et d&rsquo;autres techniques que j&rsquo;utilise au cabinet.<\/p><p>Mon parcours est jalonn\u00e9 de formations continues et d&rsquo;exp\u00e9riences enrichissantes, notamment en comp\u00e9tition, o\u00f9 j&rsquo;ai remport\u00e9 plusieurs r\u00e9compenses \u00e0 l&rsquo;international avant d&rsquo;\u00eatre d\u00e9sign\u00e9 jury expert, et professeur.<\/p><p>Mon int\u00e9r\u00eat pour la douleur et l&rsquo;accompagnement du patient m&rsquo;a ensuite conduit vers la facult\u00e9 de m\u00e9decine, o\u00f9 j&rsquo;ai obtenu en 2024 un Dipl\u00f4me Universitaire (DU) en douleur. Cette formation m&rsquo;a permis d&rsquo;explorer divers services hospitaliers dans les cadres de stages (centre anti douleur, p\u00e9diatrie, rhumatologie, oncologie, bloc op\u00e9ratoire en orthop\u00e9die cardiologie et visc\u00e9ral) et d&rsquo;ancrer encore davantage ma r\u00e9flexion sur le r\u00f4le du massage dans le parcours de soins.<\/p><p>Je suis convaincue que le massage a toute sa place en compl\u00e9ment des approches m\u00e9dicales, et que les professionnels du bien-\u00eatre doivent \u00eatre parfaitement form\u00e9s pour \u00e9voluer avec justesse dans cet \u00e9cosyst\u00e8me. Notre mission ne se limite pas \u00e0 un protocole : nous sommes une main tendue, un espace de confiance o\u00f9 le client peut d\u00e9poser son corps et parfois, une partie de son histoire. Un bon masseur ne se r\u00e9sume pas \u00e0 ses techniques ; il transmet avant tout ce qu&rsquo;il est.\u00a0Aujourd&rsquo;hui je suis ravie de pouvoir mettre en relation le monde du bien-\u00eatre et celui de la sant\u00e9.<\/p><p><strong>Mes formations :<\/strong><\/p><ul><li>SFO formation Institut Rafael : Toucher expert 4J<\/li><li>IFJS : M\u00e9thode massage convalescence<\/li><li>En direct au cabinet : Masterclass \u00e0 th\u00e8me<\/li><\/ul>\t\t\t\t\t\t\t\t<\/div>\n\t\t\t\t<\/div>\n\t\t\t\t\t<\/div>\n\t\t<\/div>\n\t\t\t\t\t<\/div>\n\t\t<\/section>\n\t\t\t\t<section class=\"elementor-section elementor-top-section elementor-element elementor-element-4158d9e elementor-section-boxed elementor-section-height-default elementor-section-height-default\" data-id=\"4158d9e\" data-element_type=\"section\" data-e-type=\"section\">\n\t\t\t\t\t\t<div class=\"elementor-container elementor-column-gap-default\">\n\t\t\t\t\t<div class=\"elementor-column elementor-col-100 elementor-top-column elementor-element elementor-element-d29f787\" data-id=\"d29f787\" data-element_type=\"column\" data-e-type=\"column\">\n\t\t\t<div class=\"elementor-widget-wrap\">\n\t\t\t\t\t\t\t<\/div>\n\t\t<\/div>\n\t\t\t\t\t<\/div>\n\t\t<\/section>\n\t\t\t\t<\/div>\n\t\t","protected":false},"excerpt":{"rendered":"<p>Jessie Br\u00e9ard Hubert Sa conf\u00e9rence Massage et cancer chez la femme Mon site internet :\u00a0www.jessie-breard.com Apr\u00e8s un dipl\u00f4me en ing\u00e9nierie financi\u00e8re et plusieurs ann\u00e9es aux c\u00f4t\u00e9s de chefs d&rsquo;entreprise, mon parcours a pris un tournant inattendu. La gestion d&rsquo;un spa en Normandie m&rsquo;a fait d\u00e9couvrir l&rsquo;univers du massage, une r\u00e9v\u00e9lation qui s&rsquo;est rapidement transform\u00e9e en [&hellip;]<\/p>\n","protected":false},"author":2,"featured_media":7319,"comment_status":"closed","ping_status":"closed","sticky":false,"template":"","format":"standard","meta":{"footnotes":""},"categories":[6],"tags":[31],"class_list":["post-7317","post","type-post","status-publish","format-standard","has-post-thumbnail","hentry","category-intervenants","tag-colloque-2026"],"_links":{"self":[{"href":"https:\/\/colloque.physiobell.fr\/index.php\/wp-json\/wp\/v2\/posts\/7317","targetHints":{"allow":["GET"]}}],"collection":[{"href":"https:\/\/colloque.physiobell.fr\/index.php\/wp-json\/wp\/v2\/posts"}],"about":[{"href":"https:\/\/colloque.physiobell.fr\/index.php\/wp-json\/wp\/v2\/types\/post"}],"author":[{"embeddable":true,"href":"https:\/\/colloque.physiobell.fr\/index.php\/wp-json\/wp\/v2\/users\/2"}],"replies":[{"embeddable":true,"href":"https:\/\/colloque.physiobell.fr\/index.php\/wp-json\/wp\/v2\/comments?post=7317"}],"version-history":[{"count":14,"href":"https:\/\/colloque.physiobell.fr\/index.php\/wp-json\/wp\/v2\/posts\/7317\/revisions"}],"predecessor-version":[{"id":7345,"href":"https:\/\/colloque.physiobell.fr\/index.php\/wp-json\/wp\/v2\/posts\/7317\/revisions\/7345"}],"wp:featuredmedia":[{"embeddable":true,"href":"https:\/\/colloque.physiobell.fr\/index.php\/wp-json\/wp\/v2\/media\/7319"}],"wp:attachment":[{"href":"https:\/\/colloque.physiobell.fr\/index.php\/wp-json\/wp\/v2\/media?parent=7317"}],"wp:term":[{"taxonomy":"category","embeddable":true,"href":"https:\/\/colloque.physiobell.fr\/index.php\/wp-json\/wp\/v2\/categories?post=7317"},{"taxonomy":"post_tag","embeddable":true,"href":"https:\/\/colloque.physiobell.fr\/index.php\/wp-json\/wp\/v2\/tags?post=7317"}],"curies":[{"name":"wp","href":"https:\/\/api.w.org\/{rel}","templated":true}]}}