{"id":7383,"date":"2026-01-25T12:33:44","date_gmt":"2026-01-25T11:33:44","guid":{"rendered":"https:\/\/colloque.physiobell.fr\/?p=7383"},"modified":"2026-02-17T17:10:30","modified_gmt":"2026-02-17T16:10:30","slug":"audrey-remy","status":"publish","type":"post","link":"https:\/\/colloque.physiobell.fr\/index.php\/audrey-remy\/","title":{"rendered":"Audrey R\u00e9my"},"content":{"rendered":"\t\t<div data-elementor-type=\"wp-post\" data-elementor-id=\"7383\" class=\"elementor elementor-7383\" data-elementor-post-type=\"post\">\n\t\t\t\t\t\t<section class=\"elementor-section elementor-top-section elementor-element elementor-element-f129a1c elementor-section-boxed elementor-section-height-default elementor-section-height-default\" data-id=\"f129a1c\" data-element_type=\"section\" data-e-type=\"section\">\n\t\t\t\t\t\t<div class=\"elementor-container elementor-column-gap-default\">\n\t\t\t\t\t<div class=\"elementor-column elementor-col-50 elementor-top-column elementor-element elementor-element-9e80672\" data-id=\"9e80672\" data-element_type=\"column\" data-e-type=\"column\">\n\t\t\t<div class=\"elementor-widget-wrap elementor-element-populated\">\n\t\t\t\t\t\t<div class=\"elementor-element elementor-element-5c558eb elementor-widget elementor-widget-image\" data-id=\"5c558eb\" data-element_type=\"widget\" data-e-type=\"widget\" data-widget_type=\"image.default\">\n\t\t\t\t<div class=\"elementor-widget-container\">\n\t\t\t\t\t\t\t\t\t\t\t\t<figure class=\"wp-caption\">\n\t\t\t\t\t\t\t\t\t\t<img fetchpriority=\"high\" decoding=\"async\" width=\"790\" height=\"1024\" src=\"https:\/\/colloque.physiobell.fr\/wp-content\/uploads\/2026\/01\/portrait-2026-AR-790x1024.jpeg\" class=\"attachment-large size-large wp-image-7384\" alt=\"\" \/>\t\t\t\t\t\t\t\t\t\t\t<figcaption class=\"widget-image-caption wp-caption-text\">Audrey R\u00e9my<\/figcaption>\n\t\t\t\t\t\t\t\t\t\t<\/figure>\n\t\t\t\t\t\t\t\t\t<\/div>\n\t\t\t\t<\/div>\n\t\t\t\t<div class=\"elementor-element elementor-element-abcd02e elementor-widget elementor-widget-text-editor\" data-id=\"abcd02e\" data-element_type=\"widget\" data-e-type=\"widget\" data-widget_type=\"text-editor.default\">\n\t\t\t\t<div class=\"elementor-widget-container\">\n\t\t\t\t\t\t\t\t\t<h2>Sa conf\u00e9rence\u00a0<\/h2><h2><a href=\"https:\/\/colloque.physiobell.fr\/index.php\/lestheticienne-gardienne-de-la-feminite-lors-dun-cancer\/\">Gardienne de la f\u00e9minit\u00e9 lors d\u2019un cancer.<\/a><\/h2>\t\t\t\t\t\t\t\t<\/div>\n\t\t\t\t<\/div>\n\t\t\t\t\t<\/div>\n\t\t<\/div>\n\t\t\t\t<div class=\"elementor-column elementor-col-50 elementor-top-column elementor-element elementor-element-44c0c98\" data-id=\"44c0c98\" data-element_type=\"column\" data-e-type=\"column\">\n\t\t\t<div class=\"elementor-widget-wrap elementor-element-populated\">\n\t\t\t\t\t\t<div class=\"elementor-element elementor-element-aec1275 elementor-widget elementor-widget-text-editor\" data-id=\"aec1275\" data-element_type=\"widget\" data-e-type=\"widget\" data-widget_type=\"text-editor.default\">\n\t\t\t\t<div class=\"elementor-widget-container\">\n\t\t\t\t\t\t\t\t\t<p>Audrey R\u00e9my a d\u00e9but\u00e9 sa carri\u00e8re en parall\u00e8le de ses \u00e9tudes comme danseuse professionnelle, \u00e9voluant dans des environnements culturels vari\u00e9s qui ont fa\u00e7onn\u00e9 sa capacit\u00e9 \u00e0 relever les d\u00e9fis les plus inattendus.<\/p><p>Tr\u00e8s vite, elle s\u2019installe aux \u00c9tats-Unis, devient maman et saisit l\u2019opportunit\u00e9 de se r\u00e9inventer : \u00ab Le show m\u2019attire toujours autant\u2026 alors, je passe en backstage ! \u00bb.<\/p><p>Ce d\u00e9clic marque le d\u00e9but d\u2019un parcours de 25 ans \u00e0 travers les \u00c9tats-Unis : ouverture de son spa \u00e0 Beverly Hills, collaborations avec Sisley Paris pour la cr\u00e9ation d\u2019\u00e9v\u00e9nements, de spas et de boutiques, lancement d\u2019un centre bien-\u00eatre \u00e0 Malibu. Puis l\u2019Europe : r\u00e9novation du Spa du Four Seasons Meg\u00e8ve et reprise du Spa du Ch\u00e2teau de La Gaude \u00e0 Aix-en-Provence. Elle rejoint le Negresco pour la cr\u00e9ation de N Le Spa, comme Directrice Spa &amp; Retail, membre du comit\u00e9 de direction, apportant une expertise internationale et une vision strat\u00e9gique centr\u00e9e sur le bien-\u00eatre et l\u2019exp\u00e9rience client.<\/p><p>Aujourd\u2019hui directrice de Formations Internationales, elle accompagne des entreprises et leurs \u00e9quipes \u00e0 travers le monde pour cr\u00e9er des exp\u00e9riences luxe, beaut\u00e9 et bien-\u00eatre. Mettant un point d\u2019honneur \u00e0 promouvoir des solutions qui allient efficacit\u00e9, naturalit\u00e9 et sant\u00e9.<\/p><p>Audrey est tr\u00e8s engag\u00e9e aupr\u00e8s des personnes atteintes de cancer et de maladies auto-immunes, elle milite pour un bien-\u00eatre et une beaut\u00e9 qui respectent la peau, la sant\u00e9 et l\u2019environnement en incarnant l\u2019excellence, la cr\u00e9ativit\u00e9 et l\u2019engagement humain au c\u0153ur du luxe responsable<\/p>\t\t\t\t\t\t\t\t<\/div>\n\t\t\t\t<\/div>\n\t\t\t\t\t<\/div>\n\t\t<\/div>\n\t\t\t\t\t<\/div>\n\t\t<\/section>\n\t\t\t\t<section class=\"elementor-section elementor-top-section elementor-element elementor-element-aa1e10e elementor-section-boxed elementor-section-height-default elementor-section-height-default\" data-id=\"aa1e10e\" data-element_type=\"section\" data-e-type=\"section\">\n\t\t\t\t\t\t<div class=\"elementor-container elementor-column-gap-default\">\n\t\t\t\t\t<div class=\"elementor-column elementor-col-100 elementor-top-column elementor-element elementor-element-c30e8cb\" data-id=\"c30e8cb\" data-element_type=\"column\" data-e-type=\"column\">\n\t\t\t<div class=\"elementor-widget-wrap\">\n\t\t\t\t\t\t\t<\/div>\n\t\t<\/div>\n\t\t\t\t\t<\/div>\n\t\t<\/section>\n\t\t\t\t<section class=\"elementor-section elementor-top-section elementor-element elementor-element-cc21516 elementor-section-boxed elementor-section-height-default elementor-section-height-default\" data-id=\"cc21516\" data-element_type=\"section\" data-e-type=\"section\">\n\t\t\t\t\t\t<div class=\"elementor-container elementor-column-gap-default\">\n\t\t\t\t\t<div class=\"elementor-column elementor-col-50 elementor-top-column elementor-element elementor-element-232400f\" data-id=\"232400f\" data-element_type=\"column\" data-e-type=\"column\">\n\t\t\t<div class=\"elementor-widget-wrap elementor-element-populated\">\n\t\t\t\t\t\t<div class=\"elementor-element elementor-element-776f0ae elementor-widget elementor-widget-video\" data-id=\"776f0ae\" data-element_type=\"widget\" data-e-type=\"widget\" data-settings=\"{&quot;youtube_url&quot;:&quot;https:\\\/\\\/youtube.com\\\/shorts\\\/-ZfZMlKNjnQ&quot;,&quot;video_type&quot;:&quot;youtube&quot;,&quot;controls&quot;:&quot;yes&quot;}\" data-widget_type=\"video.default\">\n\t\t\t\t<div class=\"elementor-widget-container\">\n\t\t\t\t\t\t\t<div class=\"elementor-wrapper elementor-open-inline\">\n\t\t\t<div class=\"elementor-video\"><\/div>\t\t<\/div>\n\t\t\t\t\t\t<\/div>\n\t\t\t\t<\/div>\n\t\t\t\t\t<\/div>\n\t\t<\/div>\n\t\t\t\t<div class=\"elementor-column elementor-col-50 elementor-top-column elementor-element elementor-element-5ef2953\" data-id=\"5ef2953\" data-element_type=\"column\" data-e-type=\"column\">\n\t\t\t<div class=\"elementor-widget-wrap\">\n\t\t\t\t\t\t\t<\/div>\n\t\t<\/div>\n\t\t\t\t\t<\/div>\n\t\t<\/section>\n\t\t\t\t<\/div>\n\t\t","protected":false},"excerpt":{"rendered":"<p>Audrey R\u00e9my Sa conf\u00e9rence\u00a0 Gardienne de la f\u00e9minit\u00e9 lors d\u2019un cancer. Audrey R\u00e9my a d\u00e9but\u00e9 sa carri\u00e8re en parall\u00e8le de ses \u00e9tudes comme danseuse professionnelle, \u00e9voluant dans des environnements culturels vari\u00e9s qui ont fa\u00e7onn\u00e9 sa capacit\u00e9 \u00e0 relever les d\u00e9fis les plus inattendus. Tr\u00e8s vite, elle s\u2019installe aux \u00c9tats-Unis, devient maman et saisit l\u2019opportunit\u00e9 de [&hellip;]<\/p>\n","protected":false},"author":2,"featured_media":7384,"comment_status":"closed","ping_status":"closed","sticky":false,"template":"","format":"standard","meta":{"footnotes":""},"categories":[6],"tags":[31],"class_list":["post-7383","post","type-post","status-publish","format-standard","has-post-thumbnail","hentry","category-intervenants","tag-colloque-2026"],"_links":{"self":[{"href":"https:\/\/colloque.physiobell.fr\/index.php\/wp-json\/wp\/v2\/posts\/7383","targetHints":{"allow":["GET"]}}],"collection":[{"href":"https:\/\/colloque.physiobell.fr\/index.php\/wp-json\/wp\/v2\/posts"}],"about":[{"href":"https:\/\/colloque.physiobell.fr\/index.php\/wp-json\/wp\/v2\/types\/post"}],"author":[{"embeddable":true,"href":"https:\/\/colloque.physiobell.fr\/index.php\/wp-json\/wp\/v2\/users\/2"}],"replies":[{"embeddable":true,"href":"https:\/\/colloque.physiobell.fr\/index.php\/wp-json\/wp\/v2\/comments?post=7383"}],"version-history":[{"count":19,"href":"https:\/\/colloque.physiobell.fr\/index.php\/wp-json\/wp\/v2\/posts\/7383\/revisions"}],"predecessor-version":[{"id":7841,"href":"https:\/\/colloque.physiobell.fr\/index.php\/wp-json\/wp\/v2\/posts\/7383\/revisions\/7841"}],"wp:featuredmedia":[{"embeddable":true,"href":"https:\/\/colloque.physiobell.fr\/index.php\/wp-json\/wp\/v2\/media\/7384"}],"wp:attachment":[{"href":"https:\/\/colloque.physiobell.fr\/index.php\/wp-json\/wp\/v2\/media?parent=7383"}],"wp:term":[{"taxonomy":"category","embeddable":true,"href":"https:\/\/colloque.physiobell.fr\/index.php\/wp-json\/wp\/v2\/categories?post=7383"},{"taxonomy":"post_tag","embeddable":true,"href":"https:\/\/colloque.physiobell.fr\/index.php\/wp-json\/wp\/v2\/tags?post=7383"}],"curies":[{"name":"wp","href":"https:\/\/api.w.org\/{rel}","templated":true}]}}