{"id":7389,"date":"2026-01-25T12:37:49","date_gmt":"2026-01-25T11:37:49","guid":{"rendered":"https:\/\/colloque.physiobell.fr\/?p=7389"},"modified":"2026-01-25T12:48:29","modified_gmt":"2026-01-25T11:48:29","slug":"lestheticienne-gardienne-de-la-feminite-lors-dun-cancer","status":"publish","type":"post","link":"https:\/\/colloque.physiobell.fr\/index.php\/lestheticienne-gardienne-de-la-feminite-lors-dun-cancer\/","title":{"rendered":"L&rsquo;esth\u00e9ticienne &#8211; Gardienne de la f\u00e9minit\u00e9 lors d&rsquo;un cancer"},"content":{"rendered":"\t\t<div data-elementor-type=\"wp-post\" data-elementor-id=\"7389\" class=\"elementor elementor-7389\" data-elementor-post-type=\"post\">\n\t\t\t\t\t\t<section class=\"elementor-section elementor-top-section elementor-element elementor-element-00f8677 elementor-section-boxed elementor-section-height-default elementor-section-height-default\" data-id=\"00f8677\" data-element_type=\"section\" data-e-type=\"section\">\n\t\t\t\t\t\t<div class=\"elementor-container elementor-column-gap-default\">\n\t\t\t\t\t<div class=\"elementor-column elementor-col-50 elementor-top-column elementor-element elementor-element-73735a8\" data-id=\"73735a8\" data-element_type=\"column\" data-e-type=\"column\">\n\t\t\t<div class=\"elementor-widget-wrap elementor-element-populated\">\n\t\t\t\t\t\t<div class=\"elementor-element elementor-element-4d148f3 elementor-widget elementor-widget-image\" data-id=\"4d148f3\" data-element_type=\"widget\" data-e-type=\"widget\" data-widget_type=\"image.default\">\n\t\t\t\t<div class=\"elementor-widget-container\">\n\t\t\t\t\t\t\t\t\t\t\t\t<figure class=\"wp-caption\">\n\t\t\t\t\t\t\t\t\t\t<img fetchpriority=\"high\" decoding=\"async\" width=\"790\" height=\"1024\" src=\"https:\/\/colloque.physiobell.fr\/wp-content\/uploads\/2026\/01\/portrait-2026-AR-790x1024.jpeg\" class=\"attachment-large size-large wp-image-7384\" alt=\"\" \/>\t\t\t\t\t\t\t\t\t\t\t<figcaption class=\"widget-image-caption wp-caption-text\">Audrey R\u00e9my <\/figcaption>\n\t\t\t\t\t\t\t\t\t\t<\/figure>\n\t\t\t\t\t\t\t\t\t<\/div>\n\t\t\t\t<\/div>\n\t\t\t\t<div class=\"elementor-element elementor-element-4e24b15 elementor-widget elementor-widget-text-editor\" data-id=\"4e24b15\" data-element_type=\"widget\" data-e-type=\"widget\" data-widget_type=\"text-editor.default\">\n\t\t\t\t<div class=\"elementor-widget-container\">\n\t\t\t\t\t\t\t\t\t<h2><a href=\"https:\/\/colloque.physiobell.fr\/index.php\/audrey-remy\/\">En savoir plus sur Audrey R\u00e9my<\/a><\/h2>\t\t\t\t\t\t\t\t<\/div>\n\t\t\t\t<\/div>\n\t\t\t\t\t<\/div>\n\t\t<\/div>\n\t\t\t\t<div class=\"elementor-column elementor-col-50 elementor-top-column elementor-element elementor-element-ea715fc\" data-id=\"ea715fc\" data-element_type=\"column\" data-e-type=\"column\">\n\t\t\t<div class=\"elementor-widget-wrap elementor-element-populated\">\n\t\t\t\t\t\t<div class=\"elementor-element elementor-element-68c17d1 elementor-widget elementor-widget-text-editor\" data-id=\"68c17d1\" data-element_type=\"widget\" data-e-type=\"widget\" data-widget_type=\"text-editor.default\">\n\t\t\t\t<div class=\"elementor-widget-container\">\n\t\t\t\t\t\t\t\t\t<p>Qu\u2019est-ce que la f\u00e9minit\u00e9 lorsque le corps est boulevers\u00e9 par la maladie ? Le jour o\u00f9 le diagnostic tombe, tout vacille, tout change : la peur, le doute, la transformation physique. Mais au-del\u00e0 des cicatrices et des pertes, il y a une force insoup\u00e7onn\u00e9e. Celle qui pousse chaque femme \u00e0 se r\u00e9inventer, \u00e0 red\u00e9finir sa beaut\u00e9 autrement. Aujourd\u2019hui nous parlons de cette f\u00e9minit\u00e9 qui r\u00e9siste, qui s\u2019adapte, qui triomphe \u00bb.<\/p><p>Les premi\u00e8res questions surgissent \u00ab Pourquoi moi ?&#8230; Comment cela peut-il m\u2019arriver ?&#8230;<br \/>Le choc, la peur, l\u2019incertitude quant \u00e0 l\u2019avenir\u2026 On se demande : Aurais-je la force de traverser cette \u00e9preuve ? \u00bb<br \/>Vous aurez beaucoup de questions\u2026 puis celles de la part de la famille, des amis qui ne comprendrons pas ce qu\u2019il se passe. \u00ab Pourtant tu es si belle, \u00e7a ne se voit pas ! \u00bb<\/p><p>Apr\u00e8s l\u2019ablation d\u2019un sein, d\u2019un ovaire et\/ou de l\u2019ut\u00e9rus ou bien de la moiti\u00e9 de votre estomac, le sentiment de perte de f\u00e9minit\u00e9 peut \u00eatre brutal et profond.<\/p><p>Et le temps de \u00ab dig\u00e9rer \u00bb ce nouveau corps, les premiers effets secondaires pointent le bout de leur nez.<br \/>Les cheveux, que l\u2019on perd sous la douche, sur l\u2019oreiller, ou simplement le fait de passer la main dans la chevelure, ce geste anodin devient un rappel douloureux de la maladie.<\/p><p>Ce cadre de visage, que l\u2019on nomme les sourcils et que l\u2019on redessine car ils se sont clairsem\u00e9s jusqu\u2019 \u00e0 disparaitre avec les balayettes \u00e0 frisson plus commun\u00e9ment appel\u00e9s, les cils, je me dis que je ressemble d\u00e9sormais \u00e0 un crapeau quand je flirte d\u2019un battement avec mes cils envol\u00e9s. Puis viendront les bouff\u00e9es de chaleurs, qui rendent la canicule de Provence presque insignifiante lorsqu\u2019on fait fondre la neige en plein mois de d\u00e9cembre, et celle dont on n\u2019ose pas parler car tr\u00e8s intime, la s\u00e8cheresse vaginale qui rend le d\u00e9sert de Gobi comparable au Meghalaya tellement on ne l\u2019a pas vu venir.Et \u00e7a ne sont que quelques exemples.<\/p><p>La soci\u00e9t\u00e9 met une pression en imposant ses standards de f\u00e9minit\u00e9. Ce \u00e0 quoi une femme devrait ressembler, maquillage impeccable, coiffure parfaite, l\u2019absence de cicatrices \u2026 donc forc\u00e9ment, m\u00eame si la gu\u00e9rison est notre priorit\u00e9, il devient un vrai d\u00e9fi que de se reconnaitre dans l\u2019image de la femme fatale ce que l\u2019on attend de nous \u00e0 chaque \u00e2ge de la vie.<\/p><p>Dans cette soci\u00e9t\u00e9 et sp\u00e9cialement notre industrie du bien-\u00eatre et de la beaut\u00e9 mais qui s\u2019\u00e9tend et touche beaucoup de femmes de tous les milieux, cette soci\u00e9t\u00e9 qui nous \u00e9value sur notre physique, sur ce que l\u2019on dit, le plaisir qu\u2019on donne\u2026\u00e0 ceux qui \u00ab admirent \u00bb notre plastique et qui nous r\u00e9duisent \u00e0 un corps comme si nous vivions dans un catalogue constamment.<\/p><p>Je rends hommage \u00e0 toutes ces femmes qui, malgr\u00e9 les traitements lourds et bouleversants, affrontent chaque journ\u00e9e avec courage. Leur f\u00e9minit\u00e9, c\u2019est leur force, leur r\u00e9silience, leur capacit\u00e9 \u00e0 se r\u00e9inventer.<\/p><p>Cette force, qui va faire que plut\u00f4t que de voir un visage diff\u00e9rent et fatigu\u00e9, elles vont y voir ce canva sur lequel on peut peindre de jolis sourcils, des l\u00e8vres douces et ros\u00e9es comme si l\u2019on croquait dans des framboises, ou bien tr\u00e8s sexy en rouge ou gourmandes et ensoleill\u00e9es en corail. Un teint que l\u2019on peut travailler pour l\u2019illuminer ou laisser de porcelaine. Des foulards aux couleurs vibrantes que vous n\u2019auriez jamais os\u00e9, la boule \u00e0 Z que l\u2019on assume et qui nous rend divinement sensuelle avec ou sans boucles d\u2019oreilles, le travail d\u2019un maitre perruquier qui vous accompagnera dans ce choix si complexe et qui d\u00e9posera un sourire sur votre joli minois en choisissant une perruque pour \u00eatre comme avant ou pour justement prendre l\u2019opportunit\u00e9 de changer de t\u00eate et de look jusqu\u2019 \u00e0 ce que la longueur d\u00e9sir\u00e9e revienne.<\/p><p>{Petite apart\u00e9, j\u2019ai eu l\u2019immense plaisir et l\u2019honneur de rencontrer il y a fort longtemps dans une autre vie, un grand maitre du cheveu, Raphael. Il venait nous tailler des perruques sur mesure, et il y a quelques temps je suis all\u00e9e le voir en lui disant, je sais que tu es le meilleur, je ne veux pas que les gens autour de moi voient la diff\u00e9rence. Il a \u00e9t\u00e9 un de mes sauveurs. \u00bb<\/p><p>Vous avez une arm\u00e9e de petits soldats talentueux qui vous soutiennent et vous offres des prestations pour celles qui le d\u00e9sirent et qui en ont besoin. Alors n\u2019h\u00e9sitez pas<\/p>\t\t\t\t\t\t\t\t<\/div>\n\t\t\t\t<\/div>\n\t\t\t\t\t<\/div>\n\t\t<\/div>\n\t\t\t\t\t<\/div>\n\t\t<\/section>\n\t\t\t\t<section class=\"elementor-section elementor-top-section elementor-element elementor-element-e9d3c29 elementor-section-boxed elementor-section-height-default elementor-section-height-default\" data-id=\"e9d3c29\" data-element_type=\"section\" data-e-type=\"section\">\n\t\t\t\t\t\t<div class=\"elementor-container elementor-column-gap-default\">\n\t\t\t\t\t<div class=\"elementor-column elementor-col-100 elementor-top-column elementor-element elementor-element-15623f5\" data-id=\"15623f5\" data-element_type=\"column\" data-e-type=\"column\">\n\t\t\t<div class=\"elementor-widget-wrap\">\n\t\t\t\t\t\t\t<\/div>\n\t\t<\/div>\n\t\t\t\t\t<\/div>\n\t\t<\/section>\n\t\t\t\t<\/div>\n\t\t","protected":false},"excerpt":{"rendered":"<p>Audrey R\u00e9my En savoir plus sur Audrey R\u00e9my Qu\u2019est-ce que la f\u00e9minit\u00e9 lorsque le corps est boulevers\u00e9 par la maladie ? Le jour o\u00f9 le diagnostic tombe, tout vacille, tout change : la peur, le doute, la transformation physique. Mais au-del\u00e0 des cicatrices et des pertes, il y a une force insoup\u00e7onn\u00e9e. Celle qui pousse [&hellip;]<\/p>\n","protected":false},"author":2,"featured_media":7384,"comment_status":"closed","ping_status":"closed","sticky":false,"template":"","format":"standard","meta":{"footnotes":""},"categories":[9],"tags":[31],"class_list":["post-7389","post","type-post","status-publish","format-standard","has-post-thumbnail","hentry","category-synopsis","tag-colloque-2026"],"_links":{"self":[{"href":"https:\/\/colloque.physiobell.fr\/index.php\/wp-json\/wp\/v2\/posts\/7389","targetHints":{"allow":["GET"]}}],"collection":[{"href":"https:\/\/colloque.physiobell.fr\/index.php\/wp-json\/wp\/v2\/posts"}],"about":[{"href":"https:\/\/colloque.physiobell.fr\/index.php\/wp-json\/wp\/v2\/types\/post"}],"author":[{"embeddable":true,"href":"https:\/\/colloque.physiobell.fr\/index.php\/wp-json\/wp\/v2\/users\/2"}],"replies":[{"embeddable":true,"href":"https:\/\/colloque.physiobell.fr\/index.php\/wp-json\/wp\/v2\/comments?post=7389"}],"version-history":[{"count":10,"href":"https:\/\/colloque.physiobell.fr\/index.php\/wp-json\/wp\/v2\/posts\/7389\/revisions"}],"predecessor-version":[{"id":7413,"href":"https:\/\/colloque.physiobell.fr\/index.php\/wp-json\/wp\/v2\/posts\/7389\/revisions\/7413"}],"wp:featuredmedia":[{"embeddable":true,"href":"https:\/\/colloque.physiobell.fr\/index.php\/wp-json\/wp\/v2\/media\/7384"}],"wp:attachment":[{"href":"https:\/\/colloque.physiobell.fr\/index.php\/wp-json\/wp\/v2\/media?parent=7389"}],"wp:term":[{"taxonomy":"category","embeddable":true,"href":"https:\/\/colloque.physiobell.fr\/index.php\/wp-json\/wp\/v2\/categories?post=7389"},{"taxonomy":"post_tag","embeddable":true,"href":"https:\/\/colloque.physiobell.fr\/index.php\/wp-json\/wp\/v2\/tags?post=7389"}],"curies":[{"name":"wp","href":"https:\/\/api.w.org\/{rel}","templated":true}]}}