{"id":7440,"date":"2026-01-28T09:43:29","date_gmt":"2026-01-28T08:43:29","guid":{"rendered":"https:\/\/colloque.physiobell.fr\/?p=7440"},"modified":"2026-02-08T18:46:19","modified_gmt":"2026-02-08T17:46:19","slug":"equilibre-esthetique","status":"publish","type":"post","link":"https:\/\/colloque.physiobell.fr\/index.php\/equilibre-esthetique\/","title":{"rendered":"Equilibre Esth\u00e9tique"},"content":{"rendered":"\t\t<div data-elementor-type=\"wp-post\" data-elementor-id=\"7440\" class=\"elementor elementor-7440\" data-elementor-post-type=\"post\">\n\t\t\t\t\t\t<section class=\"elementor-section elementor-top-section elementor-element elementor-element-f1bfe84 elementor-section-boxed elementor-section-height-default elementor-section-height-default\" data-id=\"f1bfe84\" data-element_type=\"section\" data-e-type=\"section\">\n\t\t\t\t\t\t<div class=\"elementor-container elementor-column-gap-default\">\n\t\t\t\t\t<div class=\"elementor-column elementor-col-50 elementor-top-column elementor-element elementor-element-576e8dc\" data-id=\"576e8dc\" data-element_type=\"column\" data-e-type=\"column\">\n\t\t\t<div class=\"elementor-widget-wrap elementor-element-populated\">\n\t\t\t\t\t\t<div class=\"elementor-element elementor-element-57af4fc elementor-widget elementor-widget-image\" data-id=\"57af4fc\" data-element_type=\"widget\" data-e-type=\"widget\" data-widget_type=\"image.default\">\n\t\t\t\t<div class=\"elementor-widget-container\">\n\t\t\t\t\t\t\t\t\t\t\t\t\t\t\t<img fetchpriority=\"high\" decoding=\"async\" width=\"225\" height=\"225\" src=\"https:\/\/colloque.physiobell.fr\/wp-content\/uploads\/2026\/01\/Equilibre-Esthetique.png\" class=\"attachment-large size-large wp-image-7358\" alt=\"\" srcset=\"https:\/\/colloque.physiobell.fr\/wp-content\/uploads\/2026\/01\/Equilibre-Esthetique.png 225w, https:\/\/colloque.physiobell.fr\/wp-content\/uploads\/2026\/01\/Equilibre-Esthetique-150x150.png 150w\" sizes=\"(max-width: 225px) 100vw, 225px\" \/>\t\t\t\t\t\t\t\t\t\t\t\t\t\t\t<\/div>\n\t\t\t\t<\/div>\n\t\t\t\t<div class=\"elementor-element elementor-element-2829b99 elementor-widget elementor-widget-image\" data-id=\"2829b99\" data-element_type=\"widget\" data-e-type=\"widget\" data-widget_type=\"image.default\">\n\t\t\t\t<div class=\"elementor-widget-container\">\n\t\t\t\t\t\t\t\t\t\t\t\t\t\t\t<img decoding=\"async\" src=\"https:\/\/colloque.physiobell.fr\/wp-content\/plugins\/elementor\/assets\/images\/placeholder.png\" title=\"\" alt=\"\" loading=\"lazy\" \/>\t\t\t\t\t\t\t\t\t\t\t\t\t\t\t<\/div>\n\t\t\t\t<\/div>\n\t\t\t\t<div class=\"elementor-element elementor-element-58ed2aa elementor-widget elementor-widget-text-editor\" data-id=\"58ed2aa\" data-element_type=\"widget\" data-e-type=\"widget\" data-widget_type=\"text-editor.default\">\n\t\t\t\t<div class=\"elementor-widget-container\">\n\t\t\t\t\t\t\t\t\t<p>J\u2019ai \u00e0 c\u0153ur de participer au colloque car la prise en charge des cancers f\u00e9minins repr\u00e9sente un enjeu majeur, tant sur le plan m\u00e9dical que humain. En tant qu\u2019acteur engag\u00e9 dans le domaine de l\u2019esth\u00e9tique et du bien-\u00eatre, il me para\u00eet essentiel de soutenir les approches qui am\u00e9liorent la qualit\u00e9 de vie des femmes pendant et apr\u00e8s la maladie. Ce colloque est une opportunit\u00e9 pr\u00e9cieuse d\u2019\u00e9changer avec des professionnels passionn\u00e9s, de renforcer les liens entre technologie, accompagnement et soin, et de contribuer, \u00e0 mon niveau, \u00e0 une prise en charge plus globale, respectueuse et humaine des patientes.<\/p><p>L\u2019engagement contre les cancers f\u00e9minins a une r\u00e9sonance particuli\u00e8re pour moi, car il d\u00e9passe largement le cadre professionnel. Il s\u2019agit avant tout d\u2019un combat humain, qui touche \u00e0 l\u2019intime, \u00e0 la dignit\u00e9 et \u00e0 la reconstruction des femmes. Donner du sens \u00e0 mon activit\u00e9, c\u2019est soutenir des initiatives qui placent la personne au c\u0153ur du parcours de soin, en compl\u00e9ment des traitements m\u00e9dicaux.<\/p><p>\u00c0 travers mon engagement, je souhaite contribuer \u00e0 am\u00e9liorer le confort, l\u2019estime de soi et la qualit\u00e9 de vie des femmes confront\u00e9es \u00e0 la maladie, pendant et apr\u00e8s les traitements. S\u2019impliquer dans cette cause, c\u2019est aussi affirmer que l\u2019innovation, la technologie et l\u2019accompagnement peuvent avoir un impact positif et durable lorsqu\u2019ils sont mis au service de l\u2019humain. C\u2019est une conviction profonde, qui guide mes choix et mon implication au quotidien.<\/p>\t\t\t\t\t\t\t\t<\/div>\n\t\t\t\t<\/div>\n\t\t\t\t<div class=\"elementor-element elementor-element-b85ed2f elementor-widget elementor-widget-text-editor\" data-id=\"b85ed2f\" data-element_type=\"widget\" data-e-type=\"widget\" data-widget_type=\"text-editor.default\">\n\t\t\t\t<div class=\"elementor-widget-container\">\n\t\t\t\t\t\t\t\t\t<h2>Retrouver Equilibre Esth\u00e9tique<\/h2><p><a href=\"https:\/\/www.equilibreesthetique.fr\/\">Site internet<\/a><\/p><p><a href=\"https:\/\/www.facebook.com\/people\/Equilibre-Esthetique\/100088329882713\/\">Facebook<\/a><\/p><p><a href=\"https:\/\/www.instagram.com\/equilibreesthetique\/\">Instagram<\/a><\/p><p><a href=\"https:\/\/www.linkedin.com\/company\/equilibre-esthetique\/\">LinkedIn<\/a><\/p>\t\t\t\t\t\t\t\t<\/div>\n\t\t\t\t<\/div>\n\t\t\t\t\t<\/div>\n\t\t<\/div>\n\t\t\t\t<div class=\"elementor-column elementor-col-50 elementor-top-column elementor-element elementor-element-9c352f9\" data-id=\"9c352f9\" data-element_type=\"column\" data-e-type=\"column\">\n\t\t\t<div class=\"elementor-widget-wrap elementor-element-populated\">\n\t\t\t\t\t\t<div class=\"elementor-element elementor-element-1fac2ec elementor-widget elementor-widget-text-editor\" data-id=\"1fac2ec\" data-element_type=\"widget\" data-e-type=\"widget\" data-widget_type=\"text-editor.default\">\n\t\t\t\t<div class=\"elementor-widget-container\">\n\t\t\t\t\t\t\t\t\t<p>\u00c9quilibre Esth\u00e9tique est une marque fran\u00e7aise sp\u00e9cialis\u00e9e dans la s\u00e9lection et la distribution de solutions haut de gamme destin\u00e9e aux instituts de beaut\u00e9, spas et professionnels de l\u2019esth\u00e9tique. Fond\u00e9e par\u00a0<strong>St\u00e9phanie Turco<\/strong>\u00a0et\u00a0<strong>J\u00e9r\u00f4me Guyard<\/strong>, deux experts passionn\u00e9s du secteur, l\u2019entreprise est n\u00e9e d\u2019une ambition forte : offrir aux praticiens le meilleur du mobilier esth\u00e9tique et des technologies de soins modernes, en associant innovation, performance et excellence des r\u00e9sultats.<u><\/u><u><\/u><\/p><p>Forts de plus de\u00a0<strong>20 ans d\u2019exp\u00e9rience<\/strong>\u00a0dans le milieu de l\u2019esth\u00e9tique, St\u00e9phanie et J\u00e9r\u00f4me accompagnent les professionnels avec expertise et passion dans chaque projet, depuis la r\u00e9flexion sur l\u2019am\u00e9nagement des espaces jusqu\u2019au choix des \u00e9quipements les plus adapt\u00e9s. Leur approche repose sur une s\u00e9lection rigoureuse de partenaires, une \u00e9coute attentive des besoins terrain et une volont\u00e9 constante d\u2019\u00e9lever le niveau de confort, d\u2019ergonomie et de qualit\u00e9 de soins propos\u00e9s aux clients.<u><\/u><u><\/u><\/p><p>\u00c9quilibre Esth\u00e9tique s\u2019appuie sur des collaborations avec des\u00a0<strong>marques italiennes de renom<\/strong>, reconnues pour leur savoir-faire et leur exigence de qualit\u00e9. Parmi elles,\u00a0<strong>Vismara<\/strong>, r\u00e9f\u00e9rence incontournable du\u00a0<strong>mobilier esth\u00e9tique haut de gamme Made in Italy<\/strong>, propose des tables de soins, tables de massage, tables de manucure, p\u00e9dispas et mobilier sur mesure, alliant design, robustesse et confort optimal pour le praticien comme pour le client. \u00c9quilibre Esth\u00e9tique est le\u00a0<strong>distributeur exclusif de la marque Vismara en France<\/strong>, garantissant un accompagnement expert et une parfaite ma\u00eetrise des solutions propos\u00e9es.<u><\/u><u><\/u><\/p><p>Aux c\u00f4t\u00e9s du mobilier, la marque\u00a0<strong>Selenia Italia<\/strong>\u00a0incarne l\u2019excellence des\u00a0<strong>technologies esth\u00e9tiques avanc\u00e9es<\/strong>. Forte de plusieurs d\u00e9cennies d\u2019expertise, Selenia Italia d\u00e9veloppe des dispositifs innovants d\u00e9di\u00e9s au soin de la peau, au remodelage corporel et aux traitements esth\u00e9tiques haute performance, en s\u2019appuyant sur des recherches scientifiques approfondies et des technologies brevet\u00e9es. Ces solutions permettent aux instituts de proposer des soins efficaces, s\u00e9curis\u00e9s et diff\u00e9renciants.<u><\/u><u><\/u><\/p><p>\u00c9quilibre Esth\u00e9tique dispose d\u2019un\u00a0<strong>showroom aux portes de Paris<\/strong>, permettant aux professionnels de d\u00e9couvrir, tester et comparer les \u00e9quipements dans des conditions optimales. Chaque projet b\u00e9n\u00e9ficie de conseils personnalis\u00e9s, pens\u00e9s pour accompagner durablement les \u00e9tablissements dans leur d\u00e9veloppement et la valorisation de leur savoir-faire.<\/p>\t\t\t\t\t\t\t\t<\/div>\n\t\t\t\t<\/div>\n\t\t\t\t\t<\/div>\n\t\t<\/div>\n\t\t\t\t\t<\/div>\n\t\t<\/section>\n\t\t\t\t<section class=\"elementor-section elementor-top-section elementor-element elementor-element-5f83512 elementor-section-boxed elementor-section-height-default elementor-section-height-default\" data-id=\"5f83512\" data-element_type=\"section\" data-e-type=\"section\">\n\t\t\t\t\t\t<div class=\"elementor-container elementor-column-gap-default\">\n\t\t\t\t\t<div class=\"elementor-column elementor-col-100 elementor-top-column elementor-element elementor-element-a32ba55\" data-id=\"a32ba55\" data-element_type=\"column\" data-e-type=\"column\">\n\t\t\t<div class=\"elementor-widget-wrap\">\n\t\t\t\t\t\t\t<\/div>\n\t\t<\/div>\n\t\t\t\t\t<\/div>\n\t\t<\/section>\n\t\t\t\t<\/div>\n\t\t","protected":false},"excerpt":{"rendered":"<p>J\u2019ai \u00e0 c\u0153ur de participer au colloque car la prise en charge des cancers f\u00e9minins repr\u00e9sente un enjeu majeur, tant sur le plan m\u00e9dical que humain. En tant qu\u2019acteur engag\u00e9 dans le domaine de l\u2019esth\u00e9tique et du bien-\u00eatre, il me para\u00eet essentiel de soutenir les approches qui am\u00e9liorent la qualit\u00e9 de vie des femmes pendant [&hellip;]<\/p>\n","protected":false},"author":2,"featured_media":7358,"comment_status":"closed","ping_status":"","sticky":false,"template":"","format":"standard","meta":{"footnotes":""},"categories":[8],"tags":[31],"class_list":["post-7440","post","type-post","status-publish","format-standard","has-post-thumbnail","hentry","category-partenaires","tag-colloque-2026"],"_links":{"self":[{"href":"https:\/\/colloque.physiobell.fr\/index.php\/wp-json\/wp\/v2\/posts\/7440","targetHints":{"allow":["GET"]}}],"collection":[{"href":"https:\/\/colloque.physiobell.fr\/index.php\/wp-json\/wp\/v2\/posts"}],"about":[{"href":"https:\/\/colloque.physiobell.fr\/index.php\/wp-json\/wp\/v2\/types\/post"}],"author":[{"embeddable":true,"href":"https:\/\/colloque.physiobell.fr\/index.php\/wp-json\/wp\/v2\/users\/2"}],"replies":[{"embeddable":true,"href":"https:\/\/colloque.physiobell.fr\/index.php\/wp-json\/wp\/v2\/comments?post=7440"}],"version-history":[{"count":16,"href":"https:\/\/colloque.physiobell.fr\/index.php\/wp-json\/wp\/v2\/posts\/7440\/revisions"}],"predecessor-version":[{"id":7709,"href":"https:\/\/colloque.physiobell.fr\/index.php\/wp-json\/wp\/v2\/posts\/7440\/revisions\/7709"}],"wp:featuredmedia":[{"embeddable":true,"href":"https:\/\/colloque.physiobell.fr\/index.php\/wp-json\/wp\/v2\/media\/7358"}],"wp:attachment":[{"href":"https:\/\/colloque.physiobell.fr\/index.php\/wp-json\/wp\/v2\/media?parent=7440"}],"wp:term":[{"taxonomy":"category","embeddable":true,"href":"https:\/\/colloque.physiobell.fr\/index.php\/wp-json\/wp\/v2\/categories?post=7440"},{"taxonomy":"post_tag","embeddable":true,"href":"https:\/\/colloque.physiobell.fr\/index.php\/wp-json\/wp\/v2\/tags?post=7440"}],"curies":[{"name":"wp","href":"https:\/\/api.w.org\/{rel}","templated":true}]}}