{"id":7588,"date":"2026-01-29T14:48:20","date_gmt":"2026-01-29T13:48:20","guid":{"rendered":"https:\/\/colloque.physiobell.fr\/?p=7588"},"modified":"2026-04-06T13:32:19","modified_gmt":"2026-04-06T11:32:19","slug":"benedicte-postic-lanceleur","status":"publish","type":"post","link":"https:\/\/colloque.physiobell.fr\/index.php\/benedicte-postic-lanceleur\/","title":{"rendered":"B\u00e9n\u00e9dicte Postic-Lanceleur"},"content":{"rendered":"\t\t<div data-elementor-type=\"wp-post\" data-elementor-id=\"7588\" class=\"elementor elementor-7588\" data-elementor-post-type=\"post\">\n\t\t\t\t\t\t<section class=\"elementor-section elementor-top-section elementor-element elementor-element-11dc3b8 elementor-section-boxed elementor-section-height-default elementor-section-height-default\" data-id=\"11dc3b8\" data-element_type=\"section\" data-e-type=\"section\">\n\t\t\t\t\t\t<div class=\"elementor-container elementor-column-gap-default\">\n\t\t\t\t\t<div class=\"elementor-column elementor-col-50 elementor-top-column elementor-element elementor-element-395d851\" data-id=\"395d851\" data-element_type=\"column\" data-e-type=\"column\">\n\t\t\t<div class=\"elementor-widget-wrap elementor-element-populated\">\n\t\t\t\t\t\t<div class=\"elementor-element elementor-element-bcb2926 elementor-widget elementor-widget-image\" data-id=\"bcb2926\" data-element_type=\"widget\" data-e-type=\"widget\" data-widget_type=\"image.default\">\n\t\t\t\t<div class=\"elementor-widget-container\">\n\t\t\t\t\t\t\t\t\t\t\t\t\t\t\t<img fetchpriority=\"high\" decoding=\"async\" width=\"768\" height=\"1024\" src=\"https:\/\/colloque.physiobell.fr\/wp-content\/uploads\/2026\/01\/Benedicte-Postic-768x1024.jpeg\" class=\"attachment-large size-large wp-image-7589\" alt=\"\" \/>\t\t\t\t\t\t\t\t\t\t\t\t\t\t\t<\/div>\n\t\t\t\t<\/div>\n\t\t\t\t<div class=\"elementor-element elementor-element-124fe6c elementor-widget__width-initial elementor-widget elementor-widget-text-editor\" data-id=\"124fe6c\" data-element_type=\"widget\" data-e-type=\"widget\" data-widget_type=\"text-editor.default\">\n\t\t\t\t<div class=\"elementor-widget-container\">\n\t\t\t\t\t\t\t\t\t<h2><a href=\"https:\/\/colloque.physiobell.fr\/index.php\/la-symbolique-des-cancers-feminins-benedicte-postic-lanceleur\/\">Sa conf\u00e9rence\u00a0<\/a><\/h2><h2><a href=\"https:\/\/colloque.physiobell.fr\/index.php\/la-symbolique-des-cancers-feminins-benedicte-postic-lanceleur\/\">La symbolique des cancers f\u00e9minins<\/a><\/h2>\t\t\t\t\t\t\t\t<\/div>\n\t\t\t\t<\/div>\n\t\t\t\t\t<\/div>\n\t\t<\/div>\n\t\t\t\t<div class=\"elementor-column elementor-col-50 elementor-top-column elementor-element elementor-element-7ec7dab\" data-id=\"7ec7dab\" data-element_type=\"column\" data-e-type=\"column\">\n\t\t\t<div class=\"elementor-widget-wrap elementor-element-populated\">\n\t\t\t\t\t\t<div class=\"elementor-element elementor-element-ff65a25 elementor-widget elementor-widget-text-editor\" data-id=\"ff65a25\" data-element_type=\"widget\" data-e-type=\"widget\" data-widget_type=\"text-editor.default\">\n\t\t\t\t<div class=\"elementor-widget-container\">\n\t\t\t\t\t\t\t\t\t<p>Depuis des 13 ans, j\u2019accompagne les femmes pour les aider \u00e0 retrouver leur \u00e9nergie, leur \u00e9quilibre et leur propre lumi\u00e8re.<\/p><p><br \/>Mon approche est n\u00e9e d\u2019un chemin personnel o\u00f9 j\u2019ai compris que le corps, l\u2019\u00e2me, l\u2019\u00e9motionnel et l \u2018inconscient sont indissociables pour un \u00e9quilibre et une harmonie dans notre vie. J\u2019ai choisi<br \/>de mettre cette compr\u00e9hension au service des femmes touch\u00e9es par les cancers f\u00e9minins. Parce que derri\u00e8re chaque diagnostic, il y a une histoire, une peur, un espoir, une force parfois<br \/>endormie.<\/p><p>Ma vision repose sur la conviction que chaque femme a en elle une force immense, qu\u2019il faut savoir r\u00e9v\u00e9ler et prot\u00e9ger.<\/p><p>Mon accompagnement consiste \u00e0 \u00e9couter cette vibration int\u00e9rieure et \u00e0 aider chacune \u00e0 la remettre en mouvement.J\u2019accompagne ces magnifiques femmes pour qu\u2019elles se sentent<br \/>soutenues, reconnues et jamais seules dans ce passage.<\/p><p>Ma pratique repose sur une vision globale : l\u2019\u00e9nergie du corps, la m\u00e9moire \u00e9motionnelle et le v\u00e9cu intime du cancer.Je cr\u00e9e des espaces o\u00f9 les femmes peuvent respirer \u00e0 nouveau, se dire, se<br \/>comprendre et se reconstruire.<\/p><p>La m\u00e9decine vibratoire offre des outils puissants pour r\u00e9harmoniser ce qui a \u00e9t\u00e9 fragilis\u00e9 par la maladie et l \u2018essentiel comprendre la symbolique de cette<br \/>maladie . Le pourquoi maintenant dans ce passage de la vie est tout aussi important de comprendre pour nous les occidentaux<br \/>Je transmets ces savoirs, ces pratiques d\u2019\u00e9veil, de nettoyage, de d\u00e9programmation et reprogrammation cellulaire avec douceur, respect et une profonde confiance dans les capacit\u00e9s de gu\u00e9rison de chacune.<\/p><p>En tant que formatrice, j\u2019ai \u00e0 coeur de partager ces connaissances re\u00e7ues de ma\u00eetres et de formateurs occidentaux pour que d\u2019autres puissent accompagner \u00e0 leur tour.<\/p><p>M\u00eame apr\u00e8s ces 13 ann\u00e9es d\u2019exp\u00e9riences, chaque femme que je rencontre m\u2019apprend sur le courage, la vuln\u00e9rabilit\u00e9 et la transformation.<\/p><p>Mon engagement est de permettre \u00e0 chacune de se reconnecter \u00e0 son \u00e9nergie vitale malgr\u00e9 les secousses du parcours m\u00e9dical, \u00e0 sa puissance f\u00e9minine. Je m\u2019attache \u00e0 remettre du sens et de la douceur l\u00e0 o\u00f9 la maladie a parfois laiss\u00e9 du vide.<\/p><p>Mon approche est simple : accueillir, apaiser, r\u00e9\u00e9quilibrer, et redonner \u00e0 la femme sa place dans son propre processus.<\/p><p>Aujourd\u2019hui, ma mission est plus claire que jamais : mieux comprendre, mieux accompagner et mieux reconstruire. Pour que chaque femme retrouve son axe, son souffle , son rayonnement et<br \/>sa puissance. Pour qu\u2019elle se rappelle qu\u2019elle est bien plus que la maladie.<\/p>\t\t\t\t\t\t\t\t<\/div>\n\t\t\t\t<\/div>\n\t\t\t\t\t<\/div>\n\t\t<\/div>\n\t\t\t\t\t<\/div>\n\t\t<\/section>\n\t\t\t\t<\/div>\n\t\t","protected":false},"excerpt":{"rendered":"<p>Sa conf\u00e9rence\u00a0 La symbolique des cancers f\u00e9minins Depuis des 13 ans, j\u2019accompagne les femmes pour les aider \u00e0 retrouver leur \u00e9nergie, leur \u00e9quilibre et leur propre lumi\u00e8re. Mon approche est n\u00e9e d\u2019un chemin personnel o\u00f9 j\u2019ai compris que le corps, l\u2019\u00e2me, l\u2019\u00e9motionnel et l \u2018inconscient sont indissociables pour un \u00e9quilibre et une harmonie dans notre [&hellip;]<\/p>\n","protected":false},"author":2,"featured_media":7589,"comment_status":"closed","ping_status":"","sticky":false,"template":"","format":"standard","meta":{"footnotes":""},"categories":[6],"tags":[31],"class_list":["post-7588","post","type-post","status-publish","format-standard","has-post-thumbnail","hentry","category-intervenants","tag-colloque-2026"],"_links":{"self":[{"href":"https:\/\/colloque.physiobell.fr\/index.php\/wp-json\/wp\/v2\/posts\/7588","targetHints":{"allow":["GET"]}}],"collection":[{"href":"https:\/\/colloque.physiobell.fr\/index.php\/wp-json\/wp\/v2\/posts"}],"about":[{"href":"https:\/\/colloque.physiobell.fr\/index.php\/wp-json\/wp\/v2\/types\/post"}],"author":[{"embeddable":true,"href":"https:\/\/colloque.physiobell.fr\/index.php\/wp-json\/wp\/v2\/users\/2"}],"replies":[{"embeddable":true,"href":"https:\/\/colloque.physiobell.fr\/index.php\/wp-json\/wp\/v2\/comments?post=7588"}],"version-history":[{"count":16,"href":"https:\/\/colloque.physiobell.fr\/index.php\/wp-json\/wp\/v2\/posts\/7588\/revisions"}],"predecessor-version":[{"id":7966,"href":"https:\/\/colloque.physiobell.fr\/index.php\/wp-json\/wp\/v2\/posts\/7588\/revisions\/7966"}],"wp:featuredmedia":[{"embeddable":true,"href":"https:\/\/colloque.physiobell.fr\/index.php\/wp-json\/wp\/v2\/media\/7589"}],"wp:attachment":[{"href":"https:\/\/colloque.physiobell.fr\/index.php\/wp-json\/wp\/v2\/media?parent=7588"}],"wp:term":[{"taxonomy":"category","embeddable":true,"href":"https:\/\/colloque.physiobell.fr\/index.php\/wp-json\/wp\/v2\/categories?post=7588"},{"taxonomy":"post_tag","embeddable":true,"href":"https:\/\/colloque.physiobell.fr\/index.php\/wp-json\/wp\/v2\/tags?post=7588"}],"curies":[{"name":"wp","href":"https:\/\/api.w.org\/{rel}","templated":true}]}}