{"id":7669,"date":"2026-02-08T18:27:51","date_gmt":"2026-02-08T17:27:51","guid":{"rendered":"https:\/\/colloque.physiobell.fr\/?p=7669"},"modified":"2026-02-08T21:53:51","modified_gmt":"2026-02-08T20:53:51","slug":"docteur-mouna-labidi","status":"publish","type":"post","link":"https:\/\/colloque.physiobell.fr\/index.php\/docteur-mouna-labidi\/","title":{"rendered":"Docteur Mouna Labidi"},"content":{"rendered":"\t\t<div data-elementor-type=\"wp-post\" data-elementor-id=\"7669\" class=\"elementor elementor-7669\" data-elementor-post-type=\"post\">\n\t\t\t\t\t\t<section class=\"elementor-section elementor-top-section elementor-element elementor-element-9213e02 elementor-section-boxed elementor-section-height-default elementor-section-height-default\" data-id=\"9213e02\" data-element_type=\"section\" data-e-type=\"section\">\n\t\t\t\t\t\t<div class=\"elementor-container elementor-column-gap-default\">\n\t\t\t\t\t<div class=\"elementor-column elementor-col-50 elementor-top-column elementor-element elementor-element-73cb735\" data-id=\"73cb735\" data-element_type=\"column\" data-e-type=\"column\">\n\t\t\t<div class=\"elementor-widget-wrap elementor-element-populated\">\n\t\t\t\t\t\t<div class=\"elementor-element elementor-element-8d2a9cb elementor-widget elementor-widget-image\" data-id=\"8d2a9cb\" data-element_type=\"widget\" data-e-type=\"widget\" data-widget_type=\"image.default\">\n\t\t\t\t<div class=\"elementor-widget-container\">\n\t\t\t\t\t\t\t\t\t\t\t\t\t\t\t<img fetchpriority=\"high\" decoding=\"async\" width=\"769\" height=\"1024\" src=\"https:\/\/colloque.physiobell.fr\/wp-content\/uploads\/2026\/02\/Dr-Mouna-Labidi-769x1024.jpg\" class=\"attachment-large size-large wp-image-7674\" alt=\"\" \/>\t\t\t\t\t\t\t\t\t\t\t\t\t\t\t<\/div>\n\t\t\t\t<\/div>\n\t\t\t\t<div class=\"elementor-element elementor-element-2702e39 elementor-widget elementor-widget-text-editor\" data-id=\"2702e39\" data-element_type=\"widget\" data-e-type=\"widget\" data-widget_type=\"text-editor.default\">\n\t\t\t\t<div class=\"elementor-widget-container\">\n\t\t\t\t\t\t\t\t\t<h2>Sa conf\u00e9rence :\u00a0<\/h2><h2><a href=\"https:\/\/colloque.physiobell.fr\/index.php\/comprendre-le-cancer-du-diagnostic-au-parcours-de-soins\/\">Comprendre le cancer : du diagnostic au parcours de soins<\/a><\/h2>\t\t\t\t\t\t\t\t<\/div>\n\t\t\t\t<\/div>\n\t\t\t\t\t<\/div>\n\t\t<\/div>\n\t\t\t\t<div class=\"elementor-column elementor-col-50 elementor-top-column elementor-element elementor-element-02c6403\" data-id=\"02c6403\" data-element_type=\"column\" data-e-type=\"column\">\n\t\t\t<div class=\"elementor-widget-wrap elementor-element-populated\">\n\t\t\t\t\t\t<div class=\"elementor-element elementor-element-90bd766 elementor-widget elementor-widget-text-editor\" data-id=\"90bd766\" data-element_type=\"widget\" data-e-type=\"widget\" data-widget_type=\"text-editor.default\">\n\t\t\t\t<div class=\"elementor-widget-container\">\n\t\t\t\t\t\t\t\t\t<div>Oncologue Radioth\u00e9rapeute Madame Mouna Labidi, Docteure en m\u00e9decine et <b>sp\u00e9cialiste en oncologie-radioth\u00e9rapie<\/b>, b\u00e9n\u00e9ficie de plus de 10 ans d&rsquo;exp\u00e9rience dans des institutions m\u00e9dicales renomm\u00e9es.<\/div><div>Forte de son expertise clinique et acad\u00e9mique, elle est reconnue pour ses comp\u00e9tences en gestion de\u00a0<b>protocoles complexes de radioth\u00e9rapie<\/b>, y compris les techniques avanc\u00e9es telles que la\u00a0<b>radioth\u00e9rapie st\u00e9r\u00e9otaxique et la curieth\u00e9rapie<\/b>.<\/div><div>\u00a0<\/div><div><div>Titulaire d\u2019un dipl\u00f4me de sp\u00e9cialisation en radioth\u00e9rapie carcinologique, elle a enrichi son parcours par des formations cibl\u00e9es, comme celles suivies \u00e0 Gustave Roussy.<\/div><div><br \/>Son implication active dans des projets de recherche clinique et ses nombreuses publications scientifiques t\u00e9moignent de son engagement \u00e0 l\u2019avanc\u00e9e de sa discipline. Convaincue de l&rsquo;int\u00e9r\u00eat d&rsquo;une approche holistique du patient, elle contribue \u00e9galement \u00e0 l\u2019am\u00e9lioration du quotidien des patients gr\u00e2ce \u00e0 des approches transversales par la pratique de\u00a0<b>l&rsquo;hypnose m\u00e9dicale<\/b>\u00a0pour\u00a0<b>g\u00e9rer le stress et l\u2019anxi\u00e9t\u00e9<\/b>\u00a0li\u00e9e aux th\u00e9rapeutiques cliniques.<\/div><div>\u00a0<\/div><div>Sa ma\u00eetrise des\u00a0<b>outils technologiques<\/b>, des langues \u00e9trang\u00e8res, et son r\u00e9seau professionnel diversifi\u00e9 font d\u2019elle un atout ind\u00e9niable.<\/div><div>\u00a0<\/div><div>Son expertise clinique et scientifique concerne principalement les cancers du sein et gyn\u00e9cologiques, les tumeurs osseuses et les cancers prostatiques avec une prise en charge globale et personnalis\u00e9e, int\u00e9grant les enjeux de qualit\u00e9 de vie et de l&rsquo;apres cancer.<\/div><\/div>\t\t\t\t\t\t\t\t<\/div>\n\t\t\t\t<\/div>\n\t\t\t\t\t<\/div>\n\t\t<\/div>\n\t\t\t\t\t<\/div>\n\t\t<\/section>\n\t\t\t\t<section class=\"elementor-section elementor-top-section elementor-element elementor-element-2cc24b6 elementor-section-boxed elementor-section-height-default elementor-section-height-default\" data-id=\"2cc24b6\" data-element_type=\"section\" data-e-type=\"section\">\n\t\t\t\t\t\t<div class=\"elementor-container elementor-column-gap-default\">\n\t\t\t\t\t<div class=\"elementor-column elementor-col-50 elementor-top-column elementor-element elementor-element-817eb7f\" data-id=\"817eb7f\" data-element_type=\"column\" data-e-type=\"column\">\n\t\t\t<div class=\"elementor-widget-wrap\">\n\t\t\t\t\t\t\t<\/div>\n\t\t<\/div>\n\t\t\t\t<div class=\"elementor-column elementor-col-50 elementor-top-column elementor-element elementor-element-de87fa2\" data-id=\"de87fa2\" data-element_type=\"column\" data-e-type=\"column\">\n\t\t\t<div class=\"elementor-widget-wrap\">\n\t\t\t\t\t\t\t<\/div>\n\t\t<\/div>\n\t\t\t\t\t<\/div>\n\t\t<\/section>\n\t\t\t\t<\/div>\n\t\t","protected":false},"excerpt":{"rendered":"<p>Sa conf\u00e9rence :\u00a0 Comprendre le cancer : du diagnostic au parcours de soins Oncologue Radioth\u00e9rapeute Madame Mouna Labidi, Docteure en m\u00e9decine et sp\u00e9cialiste en oncologie-radioth\u00e9rapie, b\u00e9n\u00e9ficie de plus de 10 ans d&rsquo;exp\u00e9rience dans des institutions m\u00e9dicales renomm\u00e9es.Forte de son expertise clinique et acad\u00e9mique, elle est reconnue pour ses comp\u00e9tences en gestion de\u00a0protocoles complexes de radioth\u00e9rapie, [&hellip;]<\/p>\n","protected":false},"author":2,"featured_media":7674,"comment_status":"closed","ping_status":"closed","sticky":false,"template":"","format":"standard","meta":{"footnotes":""},"categories":[6],"tags":[31],"class_list":["post-7669","post","type-post","status-publish","format-standard","has-post-thumbnail","hentry","category-intervenants","tag-colloque-2026"],"_links":{"self":[{"href":"https:\/\/colloque.physiobell.fr\/index.php\/wp-json\/wp\/v2\/posts\/7669","targetHints":{"allow":["GET"]}}],"collection":[{"href":"https:\/\/colloque.physiobell.fr\/index.php\/wp-json\/wp\/v2\/posts"}],"about":[{"href":"https:\/\/colloque.physiobell.fr\/index.php\/wp-json\/wp\/v2\/types\/post"}],"author":[{"embeddable":true,"href":"https:\/\/colloque.physiobell.fr\/index.php\/wp-json\/wp\/v2\/users\/2"}],"replies":[{"embeddable":true,"href":"https:\/\/colloque.physiobell.fr\/index.php\/wp-json\/wp\/v2\/comments?post=7669"}],"version-history":[{"count":13,"href":"https:\/\/colloque.physiobell.fr\/index.php\/wp-json\/wp\/v2\/posts\/7669\/revisions"}],"predecessor-version":[{"id":7812,"href":"https:\/\/colloque.physiobell.fr\/index.php\/wp-json\/wp\/v2\/posts\/7669\/revisions\/7812"}],"wp:featuredmedia":[{"embeddable":true,"href":"https:\/\/colloque.physiobell.fr\/index.php\/wp-json\/wp\/v2\/media\/7674"}],"wp:attachment":[{"href":"https:\/\/colloque.physiobell.fr\/index.php\/wp-json\/wp\/v2\/media?parent=7669"}],"wp:term":[{"taxonomy":"category","embeddable":true,"href":"https:\/\/colloque.physiobell.fr\/index.php\/wp-json\/wp\/v2\/categories?post=7669"},{"taxonomy":"post_tag","embeddable":true,"href":"https:\/\/colloque.physiobell.fr\/index.php\/wp-json\/wp\/v2\/tags?post=7669"}],"curies":[{"name":"wp","href":"https:\/\/api.w.org\/{rel}","templated":true}]}}