{"id":7681,"date":"2026-02-08T18:32:03","date_gmt":"2026-02-08T17:32:03","guid":{"rendered":"https:\/\/colloque.physiobell.fr\/?p=7681"},"modified":"2026-02-08T19:29:27","modified_gmt":"2026-02-08T18:29:27","slug":"lannonce-du-diagnostic-enjeux-psychosociaux-et-approche-integrative-en-oncologie","status":"publish","type":"post","link":"https:\/\/colloque.physiobell.fr\/index.php\/lannonce-du-diagnostic-enjeux-psychosociaux-et-approche-integrative-en-oncologie\/","title":{"rendered":"L&rsquo;annonce du diagnostic : enjeux psychosociaux et approche int\u00e9grative en oncologie"},"content":{"rendered":"\t\t<div data-elementor-type=\"wp-post\" data-elementor-id=\"7681\" class=\"elementor elementor-7681\" data-elementor-post-type=\"post\">\n\t\t\t\t\t\t<section class=\"elementor-section elementor-top-section elementor-element elementor-element-4f82bdf elementor-section-boxed elementor-section-height-default elementor-section-height-default\" data-id=\"4f82bdf\" data-element_type=\"section\" data-e-type=\"section\">\n\t\t\t\t\t\t<div class=\"elementor-container elementor-column-gap-default\">\n\t\t\t\t\t<div class=\"elementor-column elementor-col-50 elementor-top-column elementor-element elementor-element-f32d783\" data-id=\"f32d783\" data-element_type=\"column\" data-e-type=\"column\">\n\t\t\t<div class=\"elementor-widget-wrap elementor-element-populated\">\n\t\t\t\t\t\t<div class=\"elementor-element elementor-element-bae9b4f elementor-widget elementor-widget-image\" data-id=\"bae9b4f\" data-element_type=\"widget\" data-e-type=\"widget\" data-widget_type=\"image.default\">\n\t\t\t\t<div class=\"elementor-widget-container\">\n\t\t\t\t\t\t\t\t\t\t\t\t\t\t\t<img fetchpriority=\"high\" decoding=\"async\" width=\"769\" height=\"1024\" src=\"https:\/\/colloque.physiobell.fr\/wp-content\/uploads\/2026\/02\/Dr-Mouna-Labidi-769x1024.jpg\" class=\"attachment-large size-large wp-image-7674\" alt=\"\" \/>\t\t\t\t\t\t\t\t\t\t\t\t\t\t\t<\/div>\n\t\t\t\t<\/div>\n\t\t\t\t<div class=\"elementor-element elementor-element-6e1dc4e elementor-widget elementor-widget-text-editor\" data-id=\"6e1dc4e\" data-element_type=\"widget\" data-e-type=\"widget\" data-widget_type=\"text-editor.default\">\n\t\t\t\t<div class=\"elementor-widget-container\">\n\t\t\t\t\t\t\t\t\t<h2><a href=\"https:\/\/colloque.physiobell.fr\/index.php\/docteur-mouna-labidi\/\">En savoir plus sur le Docteur Mouna Labidi<\/a><\/h2>\t\t\t\t\t\t\t\t<\/div>\n\t\t\t\t<\/div>\n\t\t\t\t<div class=\"elementor-element elementor-element-500fd87 elementor-widget elementor-widget-text-editor\" data-id=\"500fd87\" data-element_type=\"widget\" data-e-type=\"widget\" data-widget_type=\"text-editor.default\">\n\t\t\t\t<div class=\"elementor-widget-container\">\n\t\t\t\t\t\t\t\t\t<h2>En savoir plus sur Ayala Elharrar<\/h2>\t\t\t\t\t\t\t\t<\/div>\n\t\t\t\t<\/div>\n\t\t\t\t\t<\/div>\n\t\t<\/div>\n\t\t\t\t<div class=\"elementor-column elementor-col-50 elementor-top-column elementor-element elementor-element-eaba0e1\" data-id=\"eaba0e1\" data-element_type=\"column\" data-e-type=\"column\">\n\t\t\t<div class=\"elementor-widget-wrap elementor-element-populated\">\n\t\t\t\t\t\t<div class=\"elementor-element elementor-element-96f12ba elementor-widget elementor-widget-text-editor\" data-id=\"96f12ba\" data-element_type=\"widget\" data-e-type=\"widget\" data-widget_type=\"text-editor.default\">\n\t\t\t\t<div class=\"elementor-widget-container\">\n\t\t\t\t\t\t\t\t\t<p data-start=\"323\" data-end=\"704\">En duo avec le Dr. Mouna Labidi, m\u00e9decin oncologue, Ayala Elharar, art-th\u00e9rapeute et ancienne directrice de la coordination des parcours de soins, proposent une r\u00e9flexion sur les<br \/>premiers instants du parcours de soin des patient\u00b7e\u00b7s atteint\u00b7e\u00b7s de cancer.<\/p><p data-start=\"323\" data-end=\"704\">De l\u2019annonce du diagnostic \u00e0 l&rsquo;accompagnement global, elles aborderont les enjeux humains et psychiques qui<br \/>se jouent d\u00e8s le d\u00e9but du parcours de soin.<\/p><p data-start=\"323\" data-end=\"704\"><br \/>\u00c0 travers leurs exp\u00e9riences compl\u00e9mentaires, elles mettront en lumi\u00e8re l&rsquo;impact de la maladie sur l&rsquo;identit\u00e9, le rapport au corps et au temps, ainsi que le point de bascule o\u00f9 la vie d\u2019avant et la vie d\u2019apr\u00e8s se redessinent. elles souligneront l&rsquo;importance de l&rsquo;accompagnement aux soins int\u00e9gratifs, qui allie la dimension m\u00e9dicale \u00e0 une approche plus humaine et respectueuse, essentielle d\u00e8s l\u2019annonce du cancer.<\/p><p data-start=\"323\" data-end=\"704\"><br \/>Ayala Elharar \u00e9galement directrice du centre de formation SFO, parlera de la formation en onco-esth\u00e9tique, qui offre une valeur ajout\u00e9e pour les esth\u00e9ticiennes souhaitant se<br \/>sp\u00e9cialiser dans l&rsquo;accompagnement des patient\u00b7e\u00b7s en soins oncologiques. Cette formation permet aux professionnels d\u2019acqu\u00e9rir des comp\u00e9tences sp\u00e9cifiques pour soutenir la<br \/>reconstruction identitaire des patient\u00b7e\u00b7s, en prenant en compte les particularit\u00e9s physiques et \u00e9motionnelles li\u00e9es aux traitements du cancer.<\/p><p data-start=\"323\" data-end=\"704\"><br \/>L\u2019objectif de cette conf\u00e9rence est d\u2019aider les professionnels \u00e0 mieux comprendre les enjeux<br \/>psychosociaux d\u00e8s l\u2019annonce du cancer et \u00e0 adapter leur posture et leur accompagnement,<br \/>dans une d\u00e9marche compl\u00e9mentaire et respectueuse du soin m\u00e9dical.<\/p>\t\t\t\t\t\t\t\t<\/div>\n\t\t\t\t<\/div>\n\t\t\t\t\t<\/div>\n\t\t<\/div>\n\t\t\t\t\t<\/div>\n\t\t<\/section>\n\t\t\t\t<section class=\"elementor-section elementor-top-section elementor-element elementor-element-dddec20 elementor-section-boxed elementor-section-height-default elementor-section-height-default\" data-id=\"dddec20\" data-element_type=\"section\" data-e-type=\"section\">\n\t\t\t\t\t\t<div class=\"elementor-container elementor-column-gap-default\">\n\t\t\t\t\t<div class=\"elementor-column elementor-col-100 elementor-top-column elementor-element elementor-element-42d1c1b\" data-id=\"42d1c1b\" data-element_type=\"column\" data-e-type=\"column\">\n\t\t\t<div class=\"elementor-widget-wrap\">\n\t\t\t\t\t\t\t<\/div>\n\t\t<\/div>\n\t\t\t\t\t<\/div>\n\t\t<\/section>\n\t\t\t\t<\/div>\n\t\t","protected":false},"excerpt":{"rendered":"<p>En savoir plus sur le Docteur Mouna Labidi En savoir plus sur Ayala Elharrar En duo avec le Dr. Mouna Labidi, m\u00e9decin oncologue, Ayala Elharar, art-th\u00e9rapeute et ancienne directrice de la coordination des parcours de soins, proposent une r\u00e9flexion sur lespremiers instants du parcours de soin des patient\u00b7e\u00b7s atteint\u00b7e\u00b7s de cancer. De l\u2019annonce du diagnostic [&hellip;]<\/p>\n","protected":false},"author":2,"featured_media":7674,"comment_status":"closed","ping_status":"","sticky":false,"template":"","format":"standard","meta":{"footnotes":""},"categories":[9],"tags":[31],"class_list":["post-7681","post","type-post","status-publish","format-standard","has-post-thumbnail","hentry","category-synopsis","tag-colloque-2026"],"_links":{"self":[{"href":"https:\/\/colloque.physiobell.fr\/index.php\/wp-json\/wp\/v2\/posts\/7681","targetHints":{"allow":["GET"]}}],"collection":[{"href":"https:\/\/colloque.physiobell.fr\/index.php\/wp-json\/wp\/v2\/posts"}],"about":[{"href":"https:\/\/colloque.physiobell.fr\/index.php\/wp-json\/wp\/v2\/types\/post"}],"author":[{"embeddable":true,"href":"https:\/\/colloque.physiobell.fr\/index.php\/wp-json\/wp\/v2\/users\/2"}],"replies":[{"embeddable":true,"href":"https:\/\/colloque.physiobell.fr\/index.php\/wp-json\/wp\/v2\/comments?post=7681"}],"version-history":[{"count":14,"href":"https:\/\/colloque.physiobell.fr\/index.php\/wp-json\/wp\/v2\/posts\/7681\/revisions"}],"predecessor-version":[{"id":7741,"href":"https:\/\/colloque.physiobell.fr\/index.php\/wp-json\/wp\/v2\/posts\/7681\/revisions\/7741"}],"wp:featuredmedia":[{"embeddable":true,"href":"https:\/\/colloque.physiobell.fr\/index.php\/wp-json\/wp\/v2\/media\/7674"}],"wp:attachment":[{"href":"https:\/\/colloque.physiobell.fr\/index.php\/wp-json\/wp\/v2\/media?parent=7681"}],"wp:term":[{"taxonomy":"category","embeddable":true,"href":"https:\/\/colloque.physiobell.fr\/index.php\/wp-json\/wp\/v2\/categories?post=7681"},{"taxonomy":"post_tag","embeddable":true,"href":"https:\/\/colloque.physiobell.fr\/index.php\/wp-json\/wp\/v2\/tags?post=7681"}],"curies":[{"name":"wp","href":"https:\/\/api.w.org\/{rel}","templated":true}]}}