{"id":7780,"date":"2026-02-08T20:09:56","date_gmt":"2026-02-08T19:09:56","guid":{"rendered":"https:\/\/colloque.physiobell.fr\/?p=7780"},"modified":"2026-03-02T17:20:04","modified_gmt":"2026-03-02T16:20:04","slug":"catherine-cormerais","status":"publish","type":"post","link":"https:\/\/colloque.physiobell.fr\/index.php\/catherine-cormerais\/","title":{"rendered":"Catherine Cormerais"},"content":{"rendered":"\t\t<div data-elementor-type=\"wp-post\" data-elementor-id=\"7780\" class=\"elementor elementor-7780\" data-elementor-post-type=\"post\">\n\t\t\t\t\t\t<section class=\"elementor-section elementor-top-section elementor-element elementor-element-7b1334a elementor-section-boxed elementor-section-height-default elementor-section-height-default\" data-id=\"7b1334a\" data-element_type=\"section\" data-e-type=\"section\">\n\t\t\t\t\t\t<div class=\"elementor-container elementor-column-gap-default\">\n\t\t\t\t\t<div class=\"elementor-column elementor-col-50 elementor-top-column elementor-element elementor-element-50668ff\" data-id=\"50668ff\" data-element_type=\"column\" data-e-type=\"column\">\n\t\t\t<div class=\"elementor-widget-wrap elementor-element-populated\">\n\t\t\t\t\t\t<div class=\"elementor-element elementor-element-e417d00 elementor-widget elementor-widget-image\" data-id=\"e417d00\" data-element_type=\"widget\" data-e-type=\"widget\" data-widget_type=\"image.default\">\n\t\t\t\t<div class=\"elementor-widget-container\">\n\t\t\t\t\t\t\t\t\t\t\t\t\t\t\t<img fetchpriority=\"high\" decoding=\"async\" width=\"354\" height=\"354\" src=\"https:\/\/colloque.physiobell.fr\/wp-content\/uploads\/2026\/02\/photo-Cath--e1773570297937.jpg\" class=\"attachment-large size-large wp-image-7867\" alt=\"\" srcset=\"https:\/\/colloque.physiobell.fr\/wp-content\/uploads\/2026\/02\/photo-Cath--e1773570297937.jpg 354w, https:\/\/colloque.physiobell.fr\/wp-content\/uploads\/2026\/02\/photo-Cath--e1773570297937-300x300.jpg 300w, https:\/\/colloque.physiobell.fr\/wp-content\/uploads\/2026\/02\/photo-Cath--e1773570297937-150x150.jpg 150w\" sizes=\"(max-width: 354px) 100vw, 354px\" \/>\t\t\t\t\t\t\t\t\t\t\t\t\t\t\t<\/div>\n\t\t\t\t<\/div>\n\t\t\t\t<div class=\"elementor-element elementor-element-e660c24 elementor-widget elementor-widget-text-editor\" data-id=\"e660c24\" data-element_type=\"widget\" data-e-type=\"widget\" data-widget_type=\"text-editor.default\">\n\t\t\t\t<div class=\"elementor-widget-container\">\n\t\t\t\t\t\t\t\t\t<h2>Sa conf\u00e9rence\u00a0<\/h2><h2><a href=\"https:\/\/colloque.physiobell.fr\/index.php\/dermographie-medicale-lart-de-restaurer-limage-de-soi-catherine-cormerais\/\">Dermographie m\u00e9dicale : l\u2019art de restaurer l\u2019image de soi<\/a><\/h2>\t\t\t\t\t\t\t\t<\/div>\n\t\t\t\t<\/div>\n\t\t\t\t\t<\/div>\n\t\t<\/div>\n\t\t\t\t<div class=\"elementor-column elementor-col-50 elementor-top-column elementor-element elementor-element-c8ed2f7\" data-id=\"c8ed2f7\" data-element_type=\"column\" data-e-type=\"column\">\n\t\t\t<div class=\"elementor-widget-wrap elementor-element-populated\">\n\t\t\t\t\t\t<div class=\"elementor-element elementor-element-b7877ea elementor-widget elementor-widget-text-editor\" data-id=\"b7877ea\" data-element_type=\"widget\" data-e-type=\"widget\" data-widget_type=\"text-editor.default\">\n\t\t\t\t<div class=\"elementor-widget-container\">\n\t\t\t\t\t\t\t\t\t<div><b>Catherine Cormerais<\/b>\u00a0est cofondatrice de\u00a0<b>L\u2019Embell\u2019vie<\/b>, un lieu unique \u00e0 Clisson et dans sa r\u00e9gion, pens\u00e9 pour accompagner les personnes fragilis\u00e9es par la maladie \u2013 en particulier les femmes touch\u00e9es par un cancer \u2013 d\u00e8s l\u2019annonce du diagnostic, pendant les traitements et dans l\u2019apr\u00e8s.<\/div><div>\u00a0<\/div><div>Son engagement ne vient pas d\u2019une th\u00e9orie, mais d\u2019une exp\u00e9rience intime : Catherine a elle-m\u00eame travers\u00e9 un\u00a0<b>cancer du sein<\/b>, avec ce que cela implique de violence physique, de fatigue, de peur, mais aussi de bouleversements profonds de l\u2019image de soi. Elle raconte cette p\u00e9riode comme un moment o\u00f9 elle a surtout constat\u00e9 une chose : la\u00a0<b>solitude<\/b>. La solitude face aux questions concr\u00e8tes (par o\u00f9 commencer, que faire, comment se pr\u00e9parer), la solitude face au regard, la solitude face au corps qui change et aux traces visibles que la maladie laisse.<\/div><div>\u00a0<\/div><div>C\u2019est de l\u00e0 qu\u2019est n\u00e9 son moteur :\u00a0<b>\u00e9viter \u00e0 d\u2019autres femmes de vivre les m\u00eames manques<\/b>.<\/div><div>Avec sa cofondatrice\u00a0<b>Catherine Bondu<\/b>, elle imagine alors\u00a0<b>L\u2019Embell\u2019vie<\/b>\u00a0: un centre d\u2019accompagnement sur-mesure, pluridisciplinaire et profond\u00e9ment humain, o\u00f9 l\u2019on peut trouver au m\u00eame endroit des professionnels, des solutions, des produits adapt\u00e9s, et surtout une pr\u00e9sence \u2013 un endroit o\u00f9 l\u2019on se sent comprise, sans avoir \u00e0 se justifier.<\/div><div>\u00a0<\/div><div>En 2020, Catherine est\u00a0<b>laur\u00e9ate de la Fondation de la 2e Chance<\/b>, qui soutient son projet de cr\u00e9ation d\u2019un lieu de ressourcement pour les personnes fragilis\u00e9es par la maladie. Cette reconnaissance vient renforcer sa d\u00e9termination \u00e0 construire un mod\u00e8le utile, ancr\u00e9 dans le r\u00e9el : un lieu qui r\u00e9pare, qui r\u00e9conforte et qui redonne du pouvoir aux personnes dans leur parcours.<\/div><div>\u00a0<\/div><div>Parall\u00e8lement, Catherine se sp\u00e9cialise dans un domaine qui touche directement \u00e0 l\u2019identit\u00e9 et \u00e0 la reconstruction : la\u00a0<b>dermopigmentation r\u00e9paratrice<\/b>, parfois appel\u00e9e\u00a0<b>tatouage m\u00e9dical<\/b>. Form\u00e9e sur ces bases\u00a0<b>en France et en Suisse<\/b>, et enrichie par l\u2019apprentissage aupr\u00e8s d\u2019un\u00a0<b>tatoueur de renom<\/b>, elle d\u00e9veloppe une approche exigeante : pr\u00e9cision du geste, sens du naturel, ma\u00eetrise des pigments, et surtout \u00e9coute du v\u00e9cu de chaque personne.<\/div><div>Son travail consiste \u00e0\u00a0<b>att\u00e9nuer ce que la maladie a marqu\u00e9<\/b>, et \u00e0 reconstruire ce que les traitements ont parfois emport\u00e9 :<\/div><ul><li><div role=\"presentation\"><b>reconstruction d\u2019ar\u00e9oles et de mamelons<\/b>,<\/div><\/li><li><div role=\"presentation\">camouflage ou adoucissement de\u00a0<b>cicatrices<\/b>,<\/div><\/li><li><div role=\"presentation\">redessin des\u00a0<b>sourcils<\/b>\u00a0apr\u00e8s traitements,<\/div><\/li><li><div role=\"presentation\">correction de zones clairsem\u00e9es (cils, cuir chevelu selon indications),<\/div><\/li><li><div role=\"presentation\">et plus largement, restauration d\u2019un \u00e9quilibre du visage et du corps quand la personne a besoin de \u201cse reconna\u00eetre\u201d \u00e0 nouveau.<\/div><\/li><\/ul><div>Pour Catherine, ces gestes ne rel\u00e8vent pas seulement de l\u2019esth\u00e9tique. Ils ont une port\u00e9e intime : il s\u2019agit de permettre \u00e0 une femme de se regarder dans un miroir sans douleur, de retrouver une part de confiance, parfois une part de f\u00e9minit\u00e9, et souvent une part de paix. Parce qu\u2019apr\u00e8s la maladie, la reconstruction ne se limite pas au m\u00e9dical : elle touche aussi au\u00a0<b>regard<\/b>, au\u00a0<b>rapport au corps<\/b>, \u00e0 la\u00a0<b>vie sociale<\/b>, et \u00e0 la capacit\u00e9 de se projeter.<\/div><div>\u00a0<\/div><div>Aujourd\u2019hui, Catherine Cormerais incarne une d\u00e9marche rare : une expertise technique solide, port\u00e9e par une\u00a0<b>empathie profonde<\/b>, et une vision engag\u00e9e de l\u2019accompagnement. Elle d\u00e9fend une id\u00e9e simple mais essentielle :\u00a0<b>on peut r\u00e9parer autrement<\/b>, en alliant soin, humanit\u00e9 et dignit\u00e9.<\/div>\t\t\t\t\t\t\t\t<\/div>\n\t\t\t\t<\/div>\n\t\t\t\t\t<\/div>\n\t\t<\/div>\n\t\t\t\t\t<\/div>\n\t\t<\/section>\n\t\t\t\t<\/div>\n\t\t","protected":false},"excerpt":{"rendered":"<p>Sa conf\u00e9rence\u00a0 Dermographie m\u00e9dicale : l\u2019art de restaurer l\u2019image de soi Catherine Cormerais\u00a0est cofondatrice de\u00a0L\u2019Embell\u2019vie, un lieu unique \u00e0 Clisson et dans sa r\u00e9gion, pens\u00e9 pour accompagner les personnes fragilis\u00e9es par la maladie \u2013 en particulier les femmes touch\u00e9es par un cancer \u2013 d\u00e8s l\u2019annonce du diagnostic, pendant les traitements et dans l\u2019apr\u00e8s.\u00a0Son engagement ne [&hellip;]<\/p>\n","protected":false},"author":2,"featured_media":7867,"comment_status":"closed","ping_status":"","sticky":false,"template":"","format":"standard","meta":{"footnotes":""},"categories":[6],"tags":[31],"class_list":["post-7780","post","type-post","status-publish","format-standard","has-post-thumbnail","hentry","category-intervenants","tag-colloque-2026"],"_links":{"self":[{"href":"https:\/\/colloque.physiobell.fr\/index.php\/wp-json\/wp\/v2\/posts\/7780","targetHints":{"allow":["GET"]}}],"collection":[{"href":"https:\/\/colloque.physiobell.fr\/index.php\/wp-json\/wp\/v2\/posts"}],"about":[{"href":"https:\/\/colloque.physiobell.fr\/index.php\/wp-json\/wp\/v2\/types\/post"}],"author":[{"embeddable":true,"href":"https:\/\/colloque.physiobell.fr\/index.php\/wp-json\/wp\/v2\/users\/2"}],"replies":[{"embeddable":true,"href":"https:\/\/colloque.physiobell.fr\/index.php\/wp-json\/wp\/v2\/comments?post=7780"}],"version-history":[{"count":16,"href":"https:\/\/colloque.physiobell.fr\/index.php\/wp-json\/wp\/v2\/posts\/7780\/revisions"}],"predecessor-version":[{"id":7880,"href":"https:\/\/colloque.physiobell.fr\/index.php\/wp-json\/wp\/v2\/posts\/7780\/revisions\/7880"}],"wp:featuredmedia":[{"embeddable":true,"href":"https:\/\/colloque.physiobell.fr\/index.php\/wp-json\/wp\/v2\/media\/7867"}],"wp:attachment":[{"href":"https:\/\/colloque.physiobell.fr\/index.php\/wp-json\/wp\/v2\/media?parent=7780"}],"wp:term":[{"taxonomy":"category","embeddable":true,"href":"https:\/\/colloque.physiobell.fr\/index.php\/wp-json\/wp\/v2\/categories?post=7780"},{"taxonomy":"post_tag","embeddable":true,"href":"https:\/\/colloque.physiobell.fr\/index.php\/wp-json\/wp\/v2\/tags?post=7780"}],"curies":[{"name":"wp","href":"https:\/\/api.w.org\/{rel}","templated":true}]}}