{"id":7885,"date":"2026-03-02T17:31:47","date_gmt":"2026-03-02T16:31:47","guid":{"rendered":"https:\/\/colloque.physiobell.fr\/?p=7885"},"modified":"2026-03-02T17:40:18","modified_gmt":"2026-03-02T16:40:18","slug":"merav-trabelsi","status":"publish","type":"post","link":"https:\/\/colloque.physiobell.fr\/index.php\/merav-trabelsi\/","title":{"rendered":"Merav Trabelsi"},"content":{"rendered":"\t\t<div data-elementor-type=\"wp-post\" data-elementor-id=\"7885\" class=\"elementor elementor-7885\" data-elementor-post-type=\"post\">\n\t\t\t\t\t\t<section class=\"elementor-section elementor-top-section elementor-element elementor-element-70e6cfa elementor-section-boxed elementor-section-height-default elementor-section-height-default\" data-id=\"70e6cfa\" data-element_type=\"section\" data-e-type=\"section\">\n\t\t\t\t\t\t<div class=\"elementor-container elementor-column-gap-default\">\n\t\t\t\t\t<div class=\"elementor-column elementor-col-50 elementor-top-column elementor-element elementor-element-874f117\" data-id=\"874f117\" data-element_type=\"column\" data-e-type=\"column\">\n\t\t\t<div class=\"elementor-widget-wrap elementor-element-populated\">\n\t\t\t\t\t\t<div class=\"elementor-element elementor-element-3051b29 elementor-widget elementor-widget-image\" data-id=\"3051b29\" data-element_type=\"widget\" data-e-type=\"widget\" data-widget_type=\"image.default\">\n\t\t\t\t<div class=\"elementor-widget-container\">\n\t\t\t\t\t\t\t\t\t\t\t\t\t\t\t<img fetchpriority=\"high\" decoding=\"async\" width=\"800\" height=\"800\" src=\"https:\/\/colloque.physiobell.fr\/wp-content\/uploads\/2026\/03\/IMG_7278-e1773570202591-1024x1024.jpg\" class=\"attachment-large size-large wp-image-7886\" alt=\"\" srcset=\"https:\/\/colloque.physiobell.fr\/wp-content\/uploads\/2026\/03\/IMG_7278-e1773570202591-1024x1024.jpg 1024w, https:\/\/colloque.physiobell.fr\/wp-content\/uploads\/2026\/03\/IMG_7278-e1773570202591-300x300.jpg 300w, https:\/\/colloque.physiobell.fr\/wp-content\/uploads\/2026\/03\/IMG_7278-e1773570202591-150x150.jpg 150w, https:\/\/colloque.physiobell.fr\/wp-content\/uploads\/2026\/03\/IMG_7278-e1773570202591-768x769.jpg 768w, https:\/\/colloque.physiobell.fr\/wp-content\/uploads\/2026\/03\/IMG_7278-e1773570202591-1534x1536.jpg 1534w, https:\/\/colloque.physiobell.fr\/wp-content\/uploads\/2026\/03\/IMG_7278-e1773570202591.jpg 1888w\" sizes=\"(max-width: 800px) 100vw, 800px\" \/>\t\t\t\t\t\t\t\t\t\t\t\t\t\t\t<\/div>\n\t\t\t\t<\/div>\n\t\t\t\t<div class=\"elementor-element elementor-element-99f4da0 elementor-widget elementor-widget-text-editor\" data-id=\"99f4da0\" data-element_type=\"widget\" data-e-type=\"widget\" data-widget_type=\"text-editor.default\">\n\t\t\t\t<div class=\"elementor-widget-container\">\n\t\t\t\t\t\t\t\t\t<h2><a href=\"https:\/\/colloque.physiobell.fr\/index.php\/se-reconstruire-apres-une-ablation-du-sein-limpact-physique-et-psychologique\/\">En savoir plus sur sa conf\u00e9rence\u00a0<\/a><\/h2><h2><a href=\"https:\/\/colloque.physiobell.fr\/index.php\/se-reconstruire-apres-une-ablation-du-sein-limpact-physique-et-psychologique\/\">Se reconstruire apr\u00e8s une ablation du sein, l&rsquo;impact physique et psychologique<\/a><\/h2>\t\t\t\t\t\t\t\t<\/div>\n\t\t\t\t<\/div>\n\t\t\t\t\t<\/div>\n\t\t<\/div>\n\t\t\t\t<div class=\"elementor-column elementor-col-50 elementor-top-column elementor-element elementor-element-f2a37a3\" data-id=\"f2a37a3\" data-element_type=\"column\" data-e-type=\"column\">\n\t\t\t<div class=\"elementor-widget-wrap elementor-element-populated\">\n\t\t\t\t\t\t<div class=\"elementor-element elementor-element-0f17b32 elementor-widget elementor-widget-text-editor\" data-id=\"0f17b32\" data-element_type=\"widget\" data-e-type=\"widget\" data-widget_type=\"text-editor.default\">\n\t\t\t\t<div class=\"elementor-widget-container\">\n\t\t\t\t\t\t\t\t\t<p><span style=\"color: #000000;\">Entrepreneuse, je suis la fondatrice de VENUS\u00a0MEDICAL, soci\u00e9t\u00e9 sp\u00e9cialis\u00e9e\u00a0dans l&rsquo;implantation\u00a0strat\u00e9gique et le d\u00e9veloppement commercial d&rsquo;un dispositif m\u00e9dical destin\u00e9 aux patients ayant subi une mastectomie.Je collabore avec les professionnels de sant\u00e9 concern\u00e9s ainsi qu&rsquo;avec des centres du sein.\u00a0<\/span><\/p><p><span style=\"color: #000000;\">Dans le cadre de mes formations (acad\u00e9mique de formations continues) j&rsquo;ai acquis\u00a0de vastes connaissances concernant l&rsquo;accompagnement des femmes face aux changements qu&rsquo;elles traversent, depuis l&rsquo;annonce du diagnostic jusqu&rsquo;\u00e0 la\u00a0reconstruction.J&rsquo;int\u00e8gre\u00a0<wbr \/>une compr\u00e9hension globale des enjeux esth\u00e9tiques et reconstructives\u00a0dans mon approche\u00a0avec sensibilit\u00e9 particuli\u00e8re \u00e0 l&rsquo;impact du m\u00e9dical sur la confiance et la qualit\u00e9 de vie des patients.\u00a0<\/span><\/p><p><span style=\"color: #000000;\">Ma mission: cr\u00e9er des passerelles efficaces entre innovation m\u00e9dicale, strat\u00e9gie\u00a0commerciale et valeur humaine.<\/span><\/p><p>site: \u00a0<a href=\"http:\/\/www.venus-medical.fr\/\" target=\"_blank\" rel=\"noopener\" data-saferedirecturl=\"https:\/\/www.google.com\/url?q=http:\/\/www.venus-medical.fr&amp;source=gmail&amp;ust=1772554049036000&amp;usg=AOvVaw3NaA2RsMD60fU5oqtzPKPR\">www.venus-medical.fr<\/a> \u00a0<\/p><p>e-mail:\u00a0<a href=\"mailto:m.halimi@venus-medical.fr\" target=\"_blank\" rel=\"noopener\">m.halimi@venus-medical.fr<\/a>\u00a0<\/p><p>\u00a0<a href=\"https:\/\/www.instagram.com\/pinkperfect.ch.eu\/\">instagram<\/a><\/p><p><a href=\"https:\/\/www.facebook.com\/profile.php?id=100064357047174\">facebook<\/a>\u00a0<\/p><p><a href=\"https:\/\/www.linkedin.com\/company\/venus-m%C3%A9dical\/\">LinkedIn<\/a>\u00a0<\/p>\t\t\t\t\t\t\t\t<\/div>\n\t\t\t\t<\/div>\n\t\t\t\t\t<\/div>\n\t\t<\/div>\n\t\t\t\t\t<\/div>\n\t\t<\/section>\n\t\t\t\t<\/div>\n\t\t","protected":false},"excerpt":{"rendered":"<p>En savoir plus sur sa conf\u00e9rence\u00a0 Se reconstruire apr\u00e8s une ablation du sein, l&rsquo;impact physique et psychologique Entrepreneuse, je suis la fondatrice de VENUS\u00a0MEDICAL, soci\u00e9t\u00e9 sp\u00e9cialis\u00e9e\u00a0dans l&rsquo;implantation\u00a0strat\u00e9gique et le d\u00e9veloppement commercial d&rsquo;un dispositif m\u00e9dical destin\u00e9 aux patients ayant subi une mastectomie.Je collabore avec les professionnels de sant\u00e9 concern\u00e9s ainsi qu&rsquo;avec des centres du sein.\u00a0 Dans [&hellip;]<\/p>\n","protected":false},"author":2,"featured_media":7886,"comment_status":"closed","ping_status":"","sticky":false,"template":"","format":"standard","meta":{"footnotes":""},"categories":[6],"tags":[31],"class_list":["post-7885","post","type-post","status-publish","format-standard","has-post-thumbnail","hentry","category-intervenants","tag-colloque-2026"],"_links":{"self":[{"href":"https:\/\/colloque.physiobell.fr\/index.php\/wp-json\/wp\/v2\/posts\/7885","targetHints":{"allow":["GET"]}}],"collection":[{"href":"https:\/\/colloque.physiobell.fr\/index.php\/wp-json\/wp\/v2\/posts"}],"about":[{"href":"https:\/\/colloque.physiobell.fr\/index.php\/wp-json\/wp\/v2\/types\/post"}],"author":[{"embeddable":true,"href":"https:\/\/colloque.physiobell.fr\/index.php\/wp-json\/wp\/v2\/users\/2"}],"replies":[{"embeddable":true,"href":"https:\/\/colloque.physiobell.fr\/index.php\/wp-json\/wp\/v2\/comments?post=7885"}],"version-history":[{"count":10,"href":"https:\/\/colloque.physiobell.fr\/index.php\/wp-json\/wp\/v2\/posts\/7885\/revisions"}],"predecessor-version":[{"id":7902,"href":"https:\/\/colloque.physiobell.fr\/index.php\/wp-json\/wp\/v2\/posts\/7885\/revisions\/7902"}],"wp:featuredmedia":[{"embeddable":true,"href":"https:\/\/colloque.physiobell.fr\/index.php\/wp-json\/wp\/v2\/media\/7886"}],"wp:attachment":[{"href":"https:\/\/colloque.physiobell.fr\/index.php\/wp-json\/wp\/v2\/media?parent=7885"}],"wp:term":[{"taxonomy":"category","embeddable":true,"href":"https:\/\/colloque.physiobell.fr\/index.php\/wp-json\/wp\/v2\/categories?post=7885"},{"taxonomy":"post_tag","embeddable":true,"href":"https:\/\/colloque.physiobell.fr\/index.php\/wp-json\/wp\/v2\/tags?post=7885"}],"curies":[{"name":"wp","href":"https:\/\/api.w.org\/{rel}","templated":true}]}}