{"id":7895,"date":"2026-03-02T17:37:55","date_gmt":"2026-03-02T16:37:55","guid":{"rendered":"https:\/\/colloque.physiobell.fr\/?p=7895"},"modified":"2026-03-02T17:39:12","modified_gmt":"2026-03-02T16:39:12","slug":"se-reconstruire-apres-une-ablation-du-sein-limpact-physique-et-psychologique","status":"publish","type":"post","link":"https:\/\/colloque.physiobell.fr\/index.php\/se-reconstruire-apres-une-ablation-du-sein-limpact-physique-et-psychologique\/","title":{"rendered":"Se reconstruire apr\u00e8s une ablation du sein, l&rsquo;impact physique et psychologique"},"content":{"rendered":"\t\t<div data-elementor-type=\"wp-post\" data-elementor-id=\"7895\" class=\"elementor elementor-7895\" data-elementor-post-type=\"post\">\n\t\t\t\t\t\t<section class=\"elementor-section elementor-top-section elementor-element elementor-element-fc08b18 elementor-section-boxed elementor-section-height-default elementor-section-height-default\" data-id=\"fc08b18\" data-element_type=\"section\" data-e-type=\"section\">\n\t\t\t\t\t\t<div class=\"elementor-container elementor-column-gap-default\">\n\t\t\t\t\t<div class=\"elementor-column elementor-col-50 elementor-top-column elementor-element elementor-element-f48f0aa\" data-id=\"f48f0aa\" data-element_type=\"column\" data-e-type=\"column\">\n\t\t\t<div class=\"elementor-widget-wrap elementor-element-populated\">\n\t\t\t\t\t\t<div class=\"elementor-element elementor-element-d7ee2c4 elementor-widget elementor-widget-image\" data-id=\"d7ee2c4\" data-element_type=\"widget\" data-e-type=\"widget\" data-widget_type=\"image.default\">\n\t\t\t\t<div class=\"elementor-widget-container\">\n\t\t\t\t\t\t\t\t\t\t\t\t\t\t\t<img fetchpriority=\"high\" decoding=\"async\" width=\"800\" height=\"800\" src=\"https:\/\/colloque.physiobell.fr\/wp-content\/uploads\/2026\/03\/IMG_7278-e1773570202591-1024x1024.jpg\" class=\"attachment-large size-large wp-image-7886\" alt=\"\" srcset=\"https:\/\/colloque.physiobell.fr\/wp-content\/uploads\/2026\/03\/IMG_7278-e1773570202591-1024x1024.jpg 1024w, https:\/\/colloque.physiobell.fr\/wp-content\/uploads\/2026\/03\/IMG_7278-e1773570202591-300x300.jpg 300w, https:\/\/colloque.physiobell.fr\/wp-content\/uploads\/2026\/03\/IMG_7278-e1773570202591-150x150.jpg 150w, https:\/\/colloque.physiobell.fr\/wp-content\/uploads\/2026\/03\/IMG_7278-e1773570202591-768x769.jpg 768w, https:\/\/colloque.physiobell.fr\/wp-content\/uploads\/2026\/03\/IMG_7278-e1773570202591-1534x1536.jpg 1534w, https:\/\/colloque.physiobell.fr\/wp-content\/uploads\/2026\/03\/IMG_7278-e1773570202591.jpg 1888w\" sizes=\"(max-width: 800px) 100vw, 800px\" \/>\t\t\t\t\t\t\t\t\t\t\t\t\t\t\t<\/div>\n\t\t\t\t<\/div>\n\t\t\t\t<div class=\"elementor-element elementor-element-5d5c2b8 elementor-widget elementor-widget-text-editor\" data-id=\"5d5c2b8\" data-element_type=\"widget\" data-e-type=\"widget\" data-widget_type=\"text-editor.default\">\n\t\t\t\t<div class=\"elementor-widget-container\">\n\t\t\t\t\t\t\t\t\t<h2><a href=\"https:\/\/colloque.physiobell.fr\/index.php\/merav-trabelsi\/\">En savoir plus sur Merav Trabelsi<\/a><\/h2>\t\t\t\t\t\t\t\t<\/div>\n\t\t\t\t<\/div>\n\t\t\t\t\t<\/div>\n\t\t<\/div>\n\t\t\t\t<div class=\"elementor-column elementor-col-50 elementor-top-column elementor-element elementor-element-6d8abcb\" data-id=\"6d8abcb\" data-element_type=\"column\" data-e-type=\"column\">\n\t\t\t<div class=\"elementor-widget-wrap elementor-element-populated\">\n\t\t\t\t\t\t<div class=\"elementor-element elementor-element-945d88d elementor-widget elementor-widget-text-editor\" data-id=\"945d88d\" data-element_type=\"widget\" data-e-type=\"widget\" data-widget_type=\"text-editor.default\">\n\t\t\t\t<div class=\"elementor-widget-container\">\n\t\t\t\t\t\t\t\t\t<p>L&rsquo;ablation du sein ne repr\u00e9sente pas uniquement une intervention chirurgicale. Elle marque un bouleversement\u00a0profond de l&rsquo;identit\u00e9, de l&rsquo;image corporelle et de la f\u00e9minit\u00e9.<\/p><p>Cette conference\u00a0propose une immersion dans l&rsquo;\u00e9tat psychologique d&rsquo;une femme confront\u00e9e a la mastectomie: choc, perte,reconstruction puis reappropriation progressive de son corps. Nous explorerons les diff\u00e9rentes\u00a0possibilit\u00e9s qui s&rsquo;offrent \u00e0 elle apr\u00e8s cette chirurgie invasive ; reconstruction m\u00e9dicale, solutions externes, accompagnement esth\u00e9tique et l&rsquo;importance d&rsquo;un regard professionnel\u00a0bienveillant dans ce processus.<\/p><p>L&rsquo;objectif est de vous apporter une compr\u00e9hension\u00a0plus fine du v\u00e9cu\u00a0\u00e9motionnel de ces femmes.<\/p>\t\t\t\t\t\t\t\t<\/div>\n\t\t\t\t<\/div>\n\t\t\t\t\t<\/div>\n\t\t<\/div>\n\t\t\t\t\t<\/div>\n\t\t<\/section>\n\t\t\t\t<\/div>\n\t\t","protected":false},"excerpt":{"rendered":"<p>En savoir plus sur Merav Trabelsi L&rsquo;ablation du sein ne repr\u00e9sente pas uniquement une intervention chirurgicale. Elle marque un bouleversement\u00a0profond de l&rsquo;identit\u00e9, de l&rsquo;image corporelle et de la f\u00e9minit\u00e9. Cette conference\u00a0propose une immersion dans l&rsquo;\u00e9tat psychologique d&rsquo;une femme confront\u00e9e a la mastectomie: choc, perte,reconstruction puis reappropriation progressive de son corps. Nous explorerons les diff\u00e9rentes\u00a0possibilit\u00e9s qui [&hellip;]<\/p>\n","protected":false},"author":2,"featured_media":7886,"comment_status":"closed","ping_status":"","sticky":false,"template":"","format":"standard","meta":{"footnotes":""},"categories":[9],"tags":[31],"class_list":["post-7895","post","type-post","status-publish","format-standard","has-post-thumbnail","hentry","category-synopsis","tag-colloque-2026"],"_links":{"self":[{"href":"https:\/\/colloque.physiobell.fr\/index.php\/wp-json\/wp\/v2\/posts\/7895","targetHints":{"allow":["GET"]}}],"collection":[{"href":"https:\/\/colloque.physiobell.fr\/index.php\/wp-json\/wp\/v2\/posts"}],"about":[{"href":"https:\/\/colloque.physiobell.fr\/index.php\/wp-json\/wp\/v2\/types\/post"}],"author":[{"embeddable":true,"href":"https:\/\/colloque.physiobell.fr\/index.php\/wp-json\/wp\/v2\/users\/2"}],"replies":[{"embeddable":true,"href":"https:\/\/colloque.physiobell.fr\/index.php\/wp-json\/wp\/v2\/comments?post=7895"}],"version-history":[{"count":4,"href":"https:\/\/colloque.physiobell.fr\/index.php\/wp-json\/wp\/v2\/posts\/7895\/revisions"}],"predecessor-version":[{"id":7899,"href":"https:\/\/colloque.physiobell.fr\/index.php\/wp-json\/wp\/v2\/posts\/7895\/revisions\/7899"}],"wp:featuredmedia":[{"embeddable":true,"href":"https:\/\/colloque.physiobell.fr\/index.php\/wp-json\/wp\/v2\/media\/7886"}],"wp:attachment":[{"href":"https:\/\/colloque.physiobell.fr\/index.php\/wp-json\/wp\/v2\/media?parent=7895"}],"wp:term":[{"taxonomy":"category","embeddable":true,"href":"https:\/\/colloque.physiobell.fr\/index.php\/wp-json\/wp\/v2\/categories?post=7895"},{"taxonomy":"post_tag","embeddable":true,"href":"https:\/\/colloque.physiobell.fr\/index.php\/wp-json\/wp\/v2\/tags?post=7895"}],"curies":[{"name":"wp","href":"https:\/\/api.w.org\/{rel}","templated":true}]}}