{"id":7943,"date":"2026-04-06T12:52:56","date_gmt":"2026-04-06T10:52:56","guid":{"rendered":"https:\/\/colloque.physiobell.fr\/?p=7943"},"modified":"2026-04-22T12:29:57","modified_gmt":"2026-04-22T10:29:57","slug":"caroline-baly","status":"publish","type":"post","link":"https:\/\/colloque.physiobell.fr\/index.php\/caroline-baly\/","title":{"rendered":"Caroline Baly"},"content":{"rendered":"\t\t<div data-elementor-type=\"wp-post\" data-elementor-id=\"7943\" class=\"elementor elementor-7943\" data-elementor-post-type=\"post\">\n\t\t\t\t\t\t<section class=\"elementor-section elementor-top-section elementor-element elementor-element-12d822d elementor-section-boxed elementor-section-height-default elementor-section-height-default\" data-id=\"12d822d\" data-element_type=\"section\" data-e-type=\"section\">\n\t\t\t\t\t\t<div class=\"elementor-container elementor-column-gap-default\">\n\t\t\t\t\t<div class=\"elementor-column elementor-col-50 elementor-top-column elementor-element elementor-element-44961db\" data-id=\"44961db\" data-element_type=\"column\" data-e-type=\"column\">\n\t\t\t<div class=\"elementor-widget-wrap elementor-element-populated\">\n\t\t\t\t\t\t<div class=\"elementor-element elementor-element-10ecf79 elementor-widget elementor-widget-image\" data-id=\"10ecf79\" data-element_type=\"widget\" data-e-type=\"widget\" data-widget_type=\"image.default\">\n\t\t\t\t<div class=\"elementor-widget-container\">\n\t\t\t\t\t\t\t\t\t\t\t\t<figure class=\"wp-caption\">\n\t\t\t\t\t\t\t\t\t\t<img fetchpriority=\"high\" decoding=\"async\" width=\"683\" height=\"683\" src=\"https:\/\/colloque.physiobell.fr\/wp-content\/uploads\/2026\/04\/Caroline-BALY-3-e1776853789535.jpg\" class=\"attachment-large size-large wp-image-7944\" alt=\"\" srcset=\"https:\/\/colloque.physiobell.fr\/wp-content\/uploads\/2026\/04\/Caroline-BALY-3-e1776853789535.jpg 683w, https:\/\/colloque.physiobell.fr\/wp-content\/uploads\/2026\/04\/Caroline-BALY-3-e1776853789535-300x300.jpg 300w, https:\/\/colloque.physiobell.fr\/wp-content\/uploads\/2026\/04\/Caroline-BALY-3-e1776853789535-150x150.jpg 150w\" sizes=\"(max-width: 683px) 100vw, 683px\" \/>\t\t\t\t\t\t\t\t\t\t\t<figcaption class=\"widget-image-caption wp-caption-text\">Caroline Baly<\/figcaption>\n\t\t\t\t\t\t\t\t\t\t<\/figure>\n\t\t\t\t\t\t\t\t\t<\/div>\n\t\t\t\t<\/div>\n\t\t\t\t<div class=\"elementor-element elementor-element-77a28f2 elementor-widget elementor-widget-text-editor\" data-id=\"77a28f2\" data-element_type=\"widget\" data-e-type=\"widget\" data-widget_type=\"text-editor.default\">\n\t\t\t\t<div class=\"elementor-widget-container\">\n\t\t\t\t\t\t\t\t\t<h1>Sa conf\u00e9rence :\u00a0<\/h1><h1><a href=\"https:\/\/colloque.physiobell.fr\/index.php\/limpact-de-la-couleur-pendant-la-maladie\/\">L\u2019impact de la couleur pendant la maladie<\/a><\/h1><div>\u00a0<\/div>\t\t\t\t\t\t\t\t<\/div>\n\t\t\t\t<\/div>\n\t\t\t\t\t<\/div>\n\t\t<\/div>\n\t\t\t\t<div class=\"elementor-column elementor-col-50 elementor-top-column elementor-element elementor-element-f1ceec4\" data-id=\"f1ceec4\" data-element_type=\"column\" data-e-type=\"column\">\n\t\t\t<div class=\"elementor-widget-wrap elementor-element-populated\">\n\t\t\t\t\t\t<div class=\"elementor-element elementor-element-8fadd63 elementor-widget elementor-widget-text-editor\" data-id=\"8fadd63\" data-element_type=\"widget\" data-e-type=\"widget\" data-widget_type=\"text-editor.default\">\n\t\t\t\t<div class=\"elementor-widget-container\">\n\t\t\t\t\t\t\t\t\t<blockquote><div><div dir=\"auto\"><div dir=\"auto\"><div dir=\"auto\"><div><div><p><b>Caroline Baly est conseill\u00e8re en image, styliste personnelle et chroniqueuse mode<\/b>.<\/p><p>Dipl\u00f4m\u00e9e en stylisme, avec une sp\u00e9cialit\u00e9 lingerie, elle d\u00e9bute sa carri\u00e8re comme responsable de collection avant de se passionner pour le m\u00e9tier de conseill\u00e8re en image, encore peu connu en France \u00e0 l\u2019\u00e9poque. En 2001, elle fonde l\u2019agence Image Nouvelle, avec la volont\u00e9 d\u2019accompagner les particuliers, les professionnels et les entreprises dans toutes leurs probl\u00e9matiques d\u2019image.\u00a0<\/p><\/div><\/div><\/div><\/div><\/div><\/div><div><div dir=\"auto\"><div dir=\"auto\"><div dir=\"auto\"><div><div><p><b>Au fil de plus de vingt ann\u00e9es de pratique, elle d\u00e9veloppe une m\u00e9thode personnelle fond\u00e9e sur l\u2019observation fine de l\u2019harmonie du visage, de la lumi\u00e8re du teint, de l\u2019impact des couleurs et de la coh\u00e9rence globale de l\u2019image.\u00a0<\/b>Cette expertise l\u2019am\u00e8ne \u00e0 transmettre largement son approche \u00e0 travers des formations, des conf\u00e9rences, des chroniques TV et web, des articles, ainsi que plusieurs livres et guides pratiques consacr\u00e9s au style, \u00e0 l\u2019image de soi et \u00e0 l\u2019image professionnelle.\u00a0<\/p><\/div><\/div><\/div><\/div><\/div><\/div><div><div dir=\"auto\"><div dir=\"auto\"><div dir=\"auto\"><div><div><p>Toujours anim\u00e9e par une r\u00e9flexion profonde sur l\u2019apparence et sa port\u00e9e humaine, Caroline Baly a \u00e9galement engag\u00e9 un travail autour\u00a0<b>des styles dans le monde et de l\u2019impact de l\u2019apparat selon les contextes culturels<\/b>. En parall\u00e8le, elle a d\u00e9velopp\u00e9\u00a0<b>des outils et contenus sp\u00e9cifiques autour de la colorim\u00e9trie, du maquillage adapt\u00e9 aux harmonies naturelles et de l\u2019accompagnement de l\u2019image dans la maladie, avec une attention particuli\u00e8re port\u00e9e aux p\u00e9riodes de fragilit\u00e9.\u00a0<\/b><\/p><\/div><\/div><\/div><\/div><\/div><\/div><div><div dir=\"auto\"><div dir=\"auto\"><div dir=\"auto\"><div><div><p>Dans le cadre du colloque Physiobell&rsquo;, elle partage son expertise sur l<b>a colorim\u00e9trie et sur la mani\u00e8re dont le choix des couleurs peut soutenir l\u2019\u00e9clat du visage, la pr\u00e9sence et l\u2019estime de soi chez les femmes touch\u00e9es par le cancer du sein pendant les traitements.<\/b><\/p><\/div><\/div><\/div><\/div><\/div><\/div><\/blockquote>\t\t\t\t\t\t\t\t<\/div>\n\t\t\t\t<\/div>\n\t\t\t\t\t<\/div>\n\t\t<\/div>\n\t\t\t\t\t<\/div>\n\t\t<\/section>\n\t\t\t\t<\/div>\n\t\t","protected":false},"excerpt":{"rendered":"<p>Caroline Baly Sa conf\u00e9rence :\u00a0 L\u2019impact de la couleur pendant la maladie \u00a0 Caroline Baly est conseill\u00e8re en image, styliste personnelle et chroniqueuse mode. Dipl\u00f4m\u00e9e en stylisme, avec une sp\u00e9cialit\u00e9 lingerie, elle d\u00e9bute sa carri\u00e8re comme responsable de collection avant de se passionner pour le m\u00e9tier de conseill\u00e8re en image, encore peu connu en France [&hellip;]<\/p>\n","protected":false},"author":2,"featured_media":7944,"comment_status":"closed","ping_status":"","sticky":false,"template":"","format":"standard","meta":{"footnotes":""},"categories":[6],"tags":[31],"class_list":["post-7943","post","type-post","status-publish","format-standard","has-post-thumbnail","hentry","category-intervenants","tag-colloque-2026"],"_links":{"self":[{"href":"https:\/\/colloque.physiobell.fr\/index.php\/wp-json\/wp\/v2\/posts\/7943","targetHints":{"allow":["GET"]}}],"collection":[{"href":"https:\/\/colloque.physiobell.fr\/index.php\/wp-json\/wp\/v2\/posts"}],"about":[{"href":"https:\/\/colloque.physiobell.fr\/index.php\/wp-json\/wp\/v2\/types\/post"}],"author":[{"embeddable":true,"href":"https:\/\/colloque.physiobell.fr\/index.php\/wp-json\/wp\/v2\/users\/2"}],"replies":[{"embeddable":true,"href":"https:\/\/colloque.physiobell.fr\/index.php\/wp-json\/wp\/v2\/comments?post=7943"}],"version-history":[{"count":10,"href":"https:\/\/colloque.physiobell.fr\/index.php\/wp-json\/wp\/v2\/posts\/7943\/revisions"}],"predecessor-version":[{"id":8032,"href":"https:\/\/colloque.physiobell.fr\/index.php\/wp-json\/wp\/v2\/posts\/7943\/revisions\/8032"}],"wp:featuredmedia":[{"embeddable":true,"href":"https:\/\/colloque.physiobell.fr\/index.php\/wp-json\/wp\/v2\/media\/7944"}],"wp:attachment":[{"href":"https:\/\/colloque.physiobell.fr\/index.php\/wp-json\/wp\/v2\/media?parent=7943"}],"wp:term":[{"taxonomy":"category","embeddable":true,"href":"https:\/\/colloque.physiobell.fr\/index.php\/wp-json\/wp\/v2\/categories?post=7943"},{"taxonomy":"post_tag","embeddable":true,"href":"https:\/\/colloque.physiobell.fr\/index.php\/wp-json\/wp\/v2\/tags?post=7943"}],"curies":[{"name":"wp","href":"https:\/\/api.w.org\/{rel}","templated":true}]}}