{"id":7949,"date":"2026-04-06T12:58:48","date_gmt":"2026-04-06T10:58:48","guid":{"rendered":"https:\/\/colloque.physiobell.fr\/?p=7949"},"modified":"2026-04-06T13:01:11","modified_gmt":"2026-04-06T11:01:11","slug":"limpact-de-la-couleur-pendant-la-maladie","status":"publish","type":"post","link":"https:\/\/colloque.physiobell.fr\/index.php\/limpact-de-la-couleur-pendant-la-maladie\/","title":{"rendered":"L\u2019impact de la couleur pendant la maladie"},"content":{"rendered":"\t\t<div data-elementor-type=\"wp-post\" data-elementor-id=\"7949\" class=\"elementor elementor-7949\" data-elementor-post-type=\"post\">\n\t\t\t\t\t\t<section class=\"elementor-section elementor-top-section elementor-element elementor-element-70fed3b elementor-section-boxed elementor-section-height-default elementor-section-height-default\" data-id=\"70fed3b\" data-element_type=\"section\" data-e-type=\"section\">\n\t\t\t\t\t\t<div class=\"elementor-container elementor-column-gap-default\">\n\t\t\t\t\t<div class=\"elementor-column elementor-col-50 elementor-top-column elementor-element elementor-element-c7ff1cf\" data-id=\"c7ff1cf\" data-element_type=\"column\" data-e-type=\"column\">\n\t\t\t<div class=\"elementor-widget-wrap elementor-element-populated\">\n\t\t\t\t\t\t<div class=\"elementor-element elementor-element-eeabe3a elementor-widget elementor-widget-image\" data-id=\"eeabe3a\" data-element_type=\"widget\" data-e-type=\"widget\" data-widget_type=\"image.default\">\n\t\t\t\t<div class=\"elementor-widget-container\">\n\t\t\t\t\t\t\t\t\t\t\t\t\t\t\t<img fetchpriority=\"high\" decoding=\"async\" width=\"683\" height=\"683\" src=\"https:\/\/colloque.physiobell.fr\/wp-content\/uploads\/2026\/04\/Caroline-BALY-3-e1776853789535.jpg\" class=\"attachment-large size-large wp-image-7944\" alt=\"\" srcset=\"https:\/\/colloque.physiobell.fr\/wp-content\/uploads\/2026\/04\/Caroline-BALY-3-e1776853789535.jpg 683w, https:\/\/colloque.physiobell.fr\/wp-content\/uploads\/2026\/04\/Caroline-BALY-3-e1776853789535-300x300.jpg 300w, https:\/\/colloque.physiobell.fr\/wp-content\/uploads\/2026\/04\/Caroline-BALY-3-e1776853789535-150x150.jpg 150w\" sizes=\"(max-width: 683px) 100vw, 683px\" \/>\t\t\t\t\t\t\t\t\t\t\t\t\t\t\t<\/div>\n\t\t\t\t<\/div>\n\t\t\t\t<div class=\"elementor-element elementor-element-213b5bb elementor-widget elementor-widget-text-editor\" data-id=\"213b5bb\" data-element_type=\"widget\" data-e-type=\"widget\" data-widget_type=\"text-editor.default\">\n\t\t\t\t<div class=\"elementor-widget-container\">\n\t\t\t\t\t\t\t\t\t<h1><a href=\"https:\/\/colloque.physiobell.fr\/index.php\/caroline-baly\/\">En savoir plus sur Caroline Baly<\/a><\/h1>\t\t\t\t\t\t\t\t<\/div>\n\t\t\t\t<\/div>\n\t\t\t\t\t<\/div>\n\t\t<\/div>\n\t\t\t\t<div class=\"elementor-column elementor-col-50 elementor-top-column elementor-element elementor-element-a2138e8\" data-id=\"a2138e8\" data-element_type=\"column\" data-e-type=\"column\">\n\t\t\t<div class=\"elementor-widget-wrap elementor-element-populated\">\n\t\t\t\t\t\t<div class=\"elementor-element elementor-element-d3072c9 elementor-widget elementor-widget-text-editor\" data-id=\"d3072c9\" data-element_type=\"widget\" data-e-type=\"widget\" data-widget_type=\"text-editor.default\">\n\t\t\t\t<div class=\"elementor-widget-container\">\n\t\t\t\t\t\t\t\t\t<p data-start=\"264\" data-end=\"885\">La conf\u00e9rence de Caroline Baly propose une approche essentielle et souvent sous-estim\u00e9e dans l\u2019accompagnement des femmes touch\u00e9es par un cancer : <strong data-start=\"410\" data-end=\"476\">le r\u00f4le de la couleur dans la reconstruction de l\u2019image de soi<\/strong>.<\/p><p data-start=\"264\" data-end=\"885\">Lorsque les traitements modifient le teint, les contrastes du visage et les rep\u00e8res visuels, la perception de soi est profond\u00e9ment impact\u00e9e.<\/p><p data-start=\"264\" data-end=\"885\">\u00c0 travers une approche \u00e0 la fois p\u00e9dagogique et visuelle, elle montre comment la couleur peut devenir un levier simple, imm\u00e9diat et puissant pour redonner de la pr\u00e9sence, adoucir les traits et recr\u00e9er une coh\u00e9rence dans l\u2019image .<\/p><p data-start=\"887\" data-end=\"1369\">Pens\u00e9e pour les professionnelles de l\u2019esth\u00e9tique, cette intervention va bien au-del\u00e0 de la th\u00e9orie.<\/p><p data-start=\"887\" data-end=\"1369\">Elle apporte des rep\u00e8res concrets, directement applicables en cabine, pour accompagner les clientes dans ces moments de transformation.<\/p><p data-start=\"887\" data-end=\"1369\">L\u2019enjeu est clair : <strong data-start=\"1143\" data-end=\"1257\">utiliser la couleur comme un outil accessible pour soutenir l\u2019image, l\u2019estime de soi et le ressenti \u00e9motionnel<\/strong>, tout en restant pleinement dans le champ de comp\u00e9tence des praticiennes.<\/p>\t\t\t\t\t\t\t\t<\/div>\n\t\t\t\t<\/div>\n\t\t\t\t\t<\/div>\n\t\t<\/div>\n\t\t\t\t\t<\/div>\n\t\t<\/section>\n\t\t\t\t<\/div>\n\t\t","protected":false},"excerpt":{"rendered":"<p>En savoir plus sur Caroline Baly La conf\u00e9rence de Caroline Baly propose une approche essentielle et souvent sous-estim\u00e9e dans l\u2019accompagnement des femmes touch\u00e9es par un cancer : le r\u00f4le de la couleur dans la reconstruction de l\u2019image de soi. Lorsque les traitements modifient le teint, les contrastes du visage et les rep\u00e8res visuels, la perception [&hellip;]<\/p>\n","protected":false},"author":2,"featured_media":7944,"comment_status":"closed","ping_status":"","sticky":false,"template":"","format":"standard","meta":{"footnotes":""},"categories":[9],"tags":[31],"class_list":["post-7949","post","type-post","status-publish","format-standard","has-post-thumbnail","hentry","category-synopsis","tag-colloque-2026"],"_links":{"self":[{"href":"https:\/\/colloque.physiobell.fr\/index.php\/wp-json\/wp\/v2\/posts\/7949","targetHints":{"allow":["GET"]}}],"collection":[{"href":"https:\/\/colloque.physiobell.fr\/index.php\/wp-json\/wp\/v2\/posts"}],"about":[{"href":"https:\/\/colloque.physiobell.fr\/index.php\/wp-json\/wp\/v2\/types\/post"}],"author":[{"embeddable":true,"href":"https:\/\/colloque.physiobell.fr\/index.php\/wp-json\/wp\/v2\/users\/2"}],"replies":[{"embeddable":true,"href":"https:\/\/colloque.physiobell.fr\/index.php\/wp-json\/wp\/v2\/comments?post=7949"}],"version-history":[{"count":4,"href":"https:\/\/colloque.physiobell.fr\/index.php\/wp-json\/wp\/v2\/posts\/7949\/revisions"}],"predecessor-version":[{"id":7956,"href":"https:\/\/colloque.physiobell.fr\/index.php\/wp-json\/wp\/v2\/posts\/7949\/revisions\/7956"}],"wp:featuredmedia":[{"embeddable":true,"href":"https:\/\/colloque.physiobell.fr\/index.php\/wp-json\/wp\/v2\/media\/7944"}],"wp:attachment":[{"href":"https:\/\/colloque.physiobell.fr\/index.php\/wp-json\/wp\/v2\/media?parent=7949"}],"wp:term":[{"taxonomy":"category","embeddable":true,"href":"https:\/\/colloque.physiobell.fr\/index.php\/wp-json\/wp\/v2\/categories?post=7949"},{"taxonomy":"post_tag","embeddable":true,"href":"https:\/\/colloque.physiobell.fr\/index.php\/wp-json\/wp\/v2\/tags?post=7949"}],"curies":[{"name":"wp","href":"https:\/\/api.w.org\/{rel}","templated":true}]}}