{"id":8723,"date":"2026-08-31T16:25:36","date_gmt":"2026-08-31T14:25:36","guid":{"rendered":"https:\/\/colloque.physiobell.fr\/?p=8723"},"modified":"2026-08-31T16:32:23","modified_gmt":"2026-08-31T14:32:23","slug":"chani-heraud","status":"publish","type":"post","link":"https:\/\/colloque.physiobell.fr\/index.php\/chani-heraud\/","title":{"rendered":"Chani H\u00e9raud"},"content":{"rendered":"\t\t<div data-elementor-type=\"wp-post\" data-elementor-id=\"8723\" class=\"elementor elementor-8723\" data-elementor-post-type=\"post\">\n\t\t\t\t<div class=\"elementor-element elementor-element-770dca8 e-flex e-con-boxed e-con e-parent\" data-id=\"770dca8\" data-element_type=\"container\" data-e-type=\"container\">\n\t\t\t\t\t<div class=\"e-con-inner\">\n\t\t<div class=\"elementor-element elementor-element-a6df46e e-con-full e-flex e-con e-child\" data-id=\"a6df46e\" data-element_type=\"container\" data-e-type=\"container\">\n\t\t\t\t<div class=\"elementor-element elementor-element-0d141b1 elementor-widget elementor-widget-image\" data-id=\"0d141b1\" data-element_type=\"widget\" data-e-type=\"widget\" data-widget_type=\"image.default\">\n\t\t\t\t<div class=\"elementor-widget-container\">\n\t\t\t\t\t\t\t\t\t\t\t\t<figure class=\"wp-caption\">\n\t\t\t\t\t\t\t\t\t\t<img fetchpriority=\"high\" decoding=\"async\" width=\"420\" height=\"543\" src=\"https:\/\/colloque.physiobell.fr\/wp-content\/uploads\/2026\/08\/HERAUD_Chani_Photo_ID.jpg\" class=\"attachment-large size-large wp-image-8724\" alt=\"\" srcset=\"https:\/\/colloque.physiobell.fr\/wp-content\/uploads\/2026\/08\/HERAUD_Chani_Photo_ID.jpg 420w, https:\/\/colloque.physiobell.fr\/wp-content\/uploads\/2026\/08\/HERAUD_Chani_Photo_ID-232x300.jpg 232w\" sizes=\"(max-width: 420px) 100vw, 420px\" \/>\t\t\t\t\t\t\t\t\t\t\t<figcaption class=\"widget-image-caption wp-caption-text\">CHANI H\u00c9RAUD <\/figcaption>\n\t\t\t\t\t\t\t\t\t\t<\/figure>\n\t\t\t\t\t\t\t\t\t<\/div>\n\t\t\t\t<\/div>\n\t\t\t\t<div class=\"elementor-element elementor-element-20fb558 elementor-widget elementor-widget-text-editor\" data-id=\"20fb558\" data-element_type=\"widget\" data-e-type=\"widget\" data-widget_type=\"text-editor.default\">\n\t\t\t\t<div class=\"elementor-widget-container\">\n\t\t\t\t\t\t\t\t\t<p><a href=\"https:\/\/colloque.physiobell.fr\/index.php\/kinesitherapie-et-cancer-du-sein-chani-heraud\/\">En savoir plus sur sa conf\u00e9rence : Kin\u00e9sith\u00e9rapie et cancer du sein : de la prise en charge pr\u00e9coce \u00e0 la r\u00e9habilitation fonctionnelle<\/a><\/p>\t\t\t\t\t\t\t\t<\/div>\n\t\t\t\t<\/div>\n\t\t\t\t<\/div>\n\t\t<div class=\"elementor-element elementor-element-7a8c151 e-con-full e-flex e-con e-child\" data-id=\"7a8c151\" data-element_type=\"container\" data-e-type=\"container\">\n\t\t\t\t<div class=\"elementor-element elementor-element-8358e9f elementor-widget elementor-widget-text-editor\" data-id=\"8358e9f\" data-element_type=\"widget\" data-e-type=\"widget\" data-widget_type=\"text-editor.default\">\n\t\t\t\t<div class=\"elementor-widget-container\">\n\t\t\t\t\t\t\t\t\t<p>Apr\u00e8s un premier parcours en dehors de la sant\u00e9, Chani H\u00e9raud d\u00e9couvre la s\u00e9nologie au cours de ses \u00e9tudes de kin\u00e9sith\u00e9rapie.<\/p><p>Dipl\u00f4m\u00e9e en 2020 de l&rsquo;Institut R\u00e9gional de Formation aux M\u00e9tiers de la R\u00e9\u00e9ducation et de la R\u00e9adaptation (IFM3R), elle se forme d\u00e8s sa sortie \u00e0 la prise en charge des personnes atteintes d&rsquo;un cancer du sein.<\/p><p>Elle en fait rapidement le c\u0153ur de son m\u00e9tier en int\u00e9grant le R\u00e9seau des Kin\u00e9s du Sein (RKS) et en s&rsquo;investissant aupr\u00e8s de l&rsquo;association \u00ab\u00a0Agir Contre la Maladie\u00a0\u00bb dans sa branche \u00ab\u00a0Solidarit\u00e9 Cancer\u00a0\u00bb.<\/p><p>Nouvellement arriv\u00e9e en r\u00e9gion parisienne, elle souhaite y poursuivre ses engagements aupr\u00e8s des patient\u00b7es<\/p>\t\t\t\t\t\t\t\t<\/div>\n\t\t\t\t<\/div>\n\t\t\t\t<\/div>\n\t\t\t\t\t<\/div>\n\t\t\t\t<\/div>\n\t\t\t\t<\/div>\n\t\t","protected":false},"excerpt":{"rendered":"<p>CHANI H\u00c9RAUD En savoir plus sur sa conf\u00e9rence : Kin\u00e9sith\u00e9rapie et cancer du sein : de la prise en charge pr\u00e9coce \u00e0 la r\u00e9habilitation fonctionnelle Apr\u00e8s un premier parcours en dehors de la sant\u00e9, Chani H\u00e9raud d\u00e9couvre la s\u00e9nologie au cours de ses \u00e9tudes de kin\u00e9sith\u00e9rapie. Dipl\u00f4m\u00e9e en 2020 de l&rsquo;Institut R\u00e9gional de Formation aux [&hellip;]<\/p>\n","protected":false},"author":2,"featured_media":8724,"comment_status":"closed","ping_status":"closed","sticky":false,"template":"","format":"standard","meta":{"footnotes":""},"categories":[6],"tags":[31],"class_list":["post-8723","post","type-post","status-publish","format-standard","has-post-thumbnail","hentry","category-intervenants","tag-colloque-2026"],"_links":{"self":[{"href":"https:\/\/colloque.physiobell.fr\/index.php\/wp-json\/wp\/v2\/posts\/8723","targetHints":{"allow":["GET"]}}],"collection":[{"href":"https:\/\/colloque.physiobell.fr\/index.php\/wp-json\/wp\/v2\/posts"}],"about":[{"href":"https:\/\/colloque.physiobell.fr\/index.php\/wp-json\/wp\/v2\/types\/post"}],"author":[{"embeddable":true,"href":"https:\/\/colloque.physiobell.fr\/index.php\/wp-json\/wp\/v2\/users\/2"}],"replies":[{"embeddable":true,"href":"https:\/\/colloque.physiobell.fr\/index.php\/wp-json\/wp\/v2\/comments?post=8723"}],"version-history":[{"count":10,"href":"https:\/\/colloque.physiobell.fr\/index.php\/wp-json\/wp\/v2\/posts\/8723\/revisions"}],"predecessor-version":[{"id":8739,"href":"https:\/\/colloque.physiobell.fr\/index.php\/wp-json\/wp\/v2\/posts\/8723\/revisions\/8739"}],"wp:featuredmedia":[{"embeddable":true,"href":"https:\/\/colloque.physiobell.fr\/index.php\/wp-json\/wp\/v2\/media\/8724"}],"wp:attachment":[{"href":"https:\/\/colloque.physiobell.fr\/index.php\/wp-json\/wp\/v2\/media?parent=8723"}],"wp:term":[{"taxonomy":"category","embeddable":true,"href":"https:\/\/colloque.physiobell.fr\/index.php\/wp-json\/wp\/v2\/categories?post=8723"},{"taxonomy":"post_tag","embeddable":true,"href":"https:\/\/colloque.physiobell.fr\/index.php\/wp-json\/wp\/v2\/tags?post=8723"}],"curies":[{"name":"wp","href":"https:\/\/api.w.org\/{rel}","templated":true}]}}