{"id":8729,"date":"2026-08-31T16:28:12","date_gmt":"2026-08-31T14:28:12","guid":{"rendered":"https:\/\/colloque.physiobell.fr\/?p=8729"},"modified":"2026-08-31T16:30:08","modified_gmt":"2026-08-31T14:30:08","slug":"kinesitherapie-et-cancer-du-sein-chani-heraud","status":"publish","type":"post","link":"https:\/\/colloque.physiobell.fr\/index.php\/kinesitherapie-et-cancer-du-sein-chani-heraud\/","title":{"rendered":"Kin\u00e9sith\u00e9rapie et cancer du sein : de la prise en charge pr\u00e9coce \u00e0 la r\u00e9habilitation fonctionnelle &#8211; Chani H\u00e9raud"},"content":{"rendered":"\t\t<div data-elementor-type=\"wp-post\" data-elementor-id=\"8729\" class=\"elementor elementor-8729\" data-elementor-post-type=\"post\">\n\t\t\t\t<div class=\"elementor-element elementor-element-efd7fdf e-flex e-con-boxed e-con e-parent\" data-id=\"efd7fdf\" data-element_type=\"container\" data-e-type=\"container\">\n\t\t\t\t\t<div class=\"e-con-inner\">\n\t\t<div class=\"elementor-element elementor-element-f5e13e5 e-con-full e-flex e-con e-child\" data-id=\"f5e13e5\" data-element_type=\"container\" data-e-type=\"container\">\n\t\t\t\t<div class=\"elementor-element elementor-element-ea49b1d elementor-widget elementor-widget-image\" data-id=\"ea49b1d\" data-element_type=\"widget\" data-e-type=\"widget\" data-widget_type=\"image.default\">\n\t\t\t\t<div class=\"elementor-widget-container\">\n\t\t\t\t\t\t\t\t\t\t\t\t<figure class=\"wp-caption\">\n\t\t\t\t\t\t\t\t\t\t<img fetchpriority=\"high\" decoding=\"async\" width=\"420\" height=\"543\" src=\"https:\/\/colloque.physiobell.fr\/wp-content\/uploads\/2026\/08\/HERAUD_Chani_Photo_ID.jpg\" class=\"attachment-large size-large wp-image-8724\" alt=\"\" srcset=\"https:\/\/colloque.physiobell.fr\/wp-content\/uploads\/2026\/08\/HERAUD_Chani_Photo_ID.jpg 420w, https:\/\/colloque.physiobell.fr\/wp-content\/uploads\/2026\/08\/HERAUD_Chani_Photo_ID-232x300.jpg 232w\" sizes=\"(max-width: 420px) 100vw, 420px\" \/>\t\t\t\t\t\t\t\t\t\t\t<figcaption class=\"widget-image-caption wp-caption-text\">Chani H\u00e9raud<\/figcaption>\n\t\t\t\t\t\t\t\t\t\t<\/figure>\n\t\t\t\t\t\t\t\t\t<\/div>\n\t\t\t\t<\/div>\n\t\t\t\t<div class=\"elementor-element elementor-element-41a68e9 elementor-widget elementor-widget-text-editor\" data-id=\"41a68e9\" data-element_type=\"widget\" data-e-type=\"widget\" data-widget_type=\"text-editor.default\">\n\t\t\t\t<div class=\"elementor-widget-container\">\n\t\t\t\t\t\t\t\t\t<p><a href=\"https:\/\/colloque.physiobell.fr\/index.php\/chani-herault\/\">En savoir plus sur Chani H\u00e9raud<\/a><\/p>\t\t\t\t\t\t\t\t<\/div>\n\t\t\t\t<\/div>\n\t\t\t\t<\/div>\n\t\t<div class=\"elementor-element elementor-element-221f9fd e-con-full e-flex e-con e-child\" data-id=\"221f9fd\" data-element_type=\"container\" data-e-type=\"container\">\n\t\t\t\t<div class=\"elementor-element elementor-element-333f844 elementor-widget elementor-widget-text-editor\" data-id=\"333f844\" data-element_type=\"widget\" data-e-type=\"widget\" data-widget_type=\"text-editor.default\">\n\t\t\t\t<div class=\"elementor-widget-container\">\n\t\t\t\t\t\t\t\t\t<p dir=\"ltr\">Face au cancer du sein, la r\u00e9ussite du traitement repose sur une prise en charge pluridisciplinaire. En compl\u00e9ment de la r\u00e9ponse m\u00e9dicale et chirurgicale indispensable, la masso-kin\u00e9sith\u00e9rapie intervient comme un partenaire cl\u00e9 au bon r\u00e9tablissement physique et \u00e9motionnel des patient\u00b7es.<\/p><p dir=\"ltr\">Cette conf\u00e9rence explore les diff\u00e9rents axes trait\u00e9s lors de cette prise en charge, parmi lesquels le travail tissulaire et cicatriciel, la prise en charge du syst\u00e8me lymphatique, la correction des postures vicieuses et le retour vers l&rsquo;activit\u00e9 physique adapt\u00e9e. Enfin, l&rsquo;importance cruciale des r\u00e9seaux professionnels sp\u00e9cialis\u00e9s sera \u00e9voqu\u00e9e.<\/p>\t\t\t\t\t\t\t\t<\/div>\n\t\t\t\t<\/div>\n\t\t\t\t<\/div>\n\t\t\t\t\t<\/div>\n\t\t\t\t<\/div>\n\t\t\t\t<\/div>\n\t\t","protected":false},"excerpt":{"rendered":"<p>Chani H\u00e9raud En savoir plus sur Chani H\u00e9raud Face au cancer du sein, la r\u00e9ussite du traitement repose sur une prise en charge pluridisciplinaire. En compl\u00e9ment de la r\u00e9ponse m\u00e9dicale et chirurgicale indispensable, la masso-kin\u00e9sith\u00e9rapie intervient comme un partenaire cl\u00e9 au bon r\u00e9tablissement physique et \u00e9motionnel des patient\u00b7es. Cette conf\u00e9rence explore les diff\u00e9rents axes trait\u00e9s [&hellip;]<\/p>\n","protected":false},"author":2,"featured_media":8724,"comment_status":"closed","ping_status":"closed","sticky":false,"template":"","format":"standard","meta":{"footnotes":""},"categories":[9],"tags":[31],"class_list":["post-8729","post","type-post","status-publish","format-standard","has-post-thumbnail","hentry","category-synopsis","tag-colloque-2026"],"_links":{"self":[{"href":"https:\/\/colloque.physiobell.fr\/index.php\/wp-json\/wp\/v2\/posts\/8729","targetHints":{"allow":["GET"]}}],"collection":[{"href":"https:\/\/colloque.physiobell.fr\/index.php\/wp-json\/wp\/v2\/posts"}],"about":[{"href":"https:\/\/colloque.physiobell.fr\/index.php\/wp-json\/wp\/v2\/types\/post"}],"author":[{"embeddable":true,"href":"https:\/\/colloque.physiobell.fr\/index.php\/wp-json\/wp\/v2\/users\/2"}],"replies":[{"embeddable":true,"href":"https:\/\/colloque.physiobell.fr\/index.php\/wp-json\/wp\/v2\/comments?post=8729"}],"version-history":[{"count":4,"href":"https:\/\/colloque.physiobell.fr\/index.php\/wp-json\/wp\/v2\/posts\/8729\/revisions"}],"predecessor-version":[{"id":8733,"href":"https:\/\/colloque.physiobell.fr\/index.php\/wp-json\/wp\/v2\/posts\/8729\/revisions\/8733"}],"wp:featuredmedia":[{"embeddable":true,"href":"https:\/\/colloque.physiobell.fr\/index.php\/wp-json\/wp\/v2\/media\/8724"}],"wp:attachment":[{"href":"https:\/\/colloque.physiobell.fr\/index.php\/wp-json\/wp\/v2\/media?parent=8729"}],"wp:term":[{"taxonomy":"category","embeddable":true,"href":"https:\/\/colloque.physiobell.fr\/index.php\/wp-json\/wp\/v2\/categories?post=8729"},{"taxonomy":"post_tag","embeddable":true,"href":"https:\/\/colloque.physiobell.fr\/index.php\/wp-json\/wp\/v2\/tags?post=8729"}],"curies":[{"name":"wp","href":"https:\/\/api.w.org\/{rel}","templated":true}]}}