{"id":8796,"date":"2026-08-31T18:45:56","date_gmt":"2026-08-31T16:45:56","guid":{"rendered":"https:\/\/colloque.physiobell.fr\/?p=8796"},"modified":"2026-08-31T19:27:16","modified_gmt":"2026-08-31T17:27:16","slug":"spa-a","status":"publish","type":"post","link":"https:\/\/colloque.physiobell.fr\/index.php\/spa-a\/","title":{"rendered":"Spa-A"},"content":{"rendered":"\t\t<div data-elementor-type=\"wp-post\" data-elementor-id=\"8796\" class=\"elementor elementor-8796\" data-elementor-post-type=\"post\">\n\t\t\t\t<div class=\"elementor-element elementor-element-5d7bc35 e-flex e-con-boxed e-con e-parent\" data-id=\"5d7bc35\" data-element_type=\"container\" data-e-type=\"container\">\n\t\t\t\t\t<div class=\"e-con-inner\">\n\t\t<div class=\"elementor-element elementor-element-5cc021b e-con-full e-flex e-con e-child\" data-id=\"5cc021b\" data-element_type=\"container\" data-e-type=\"container\">\n\t\t\t\t<div class=\"elementor-element elementor-element-ff33ac1 elementor-widget elementor-widget-image\" data-id=\"ff33ac1\" data-element_type=\"widget\" data-e-type=\"widget\" data-widget_type=\"image.default\">\n\t\t\t\t<div class=\"elementor-widget-container\">\n\t\t\t\t\t\t\t\t\t\t\t\t\t\t\t<img fetchpriority=\"high\" decoding=\"async\" width=\"800\" height=\"573\" src=\"https:\/\/colloque.physiobell.fr\/wp-content\/uploads\/2026\/08\/Spa-A-logo-CMYK-fond-blanc-1024x733.png\" class=\"attachment-large size-large wp-image-8844\" alt=\"\" srcset=\"https:\/\/colloque.physiobell.fr\/wp-content\/uploads\/2026\/08\/Spa-A-logo-CMYK-fond-blanc-1024x733.png 1024w, https:\/\/colloque.physiobell.fr\/wp-content\/uploads\/2026\/08\/Spa-A-logo-CMYK-fond-blanc-300x215.png 300w, https:\/\/colloque.physiobell.fr\/wp-content\/uploads\/2026\/08\/Spa-A-logo-CMYK-fond-blanc-768x550.png 768w, https:\/\/colloque.physiobell.fr\/wp-content\/uploads\/2026\/08\/Spa-A-logo-CMYK-fond-blanc-1536x1099.png 1536w, https:\/\/colloque.physiobell.fr\/wp-content\/uploads\/2026\/08\/Spa-A-logo-CMYK-fond-blanc-2048x1466.png 2048w\" sizes=\"(max-width: 800px) 100vw, 800px\" \/>\t\t\t\t\t\t\t\t\t\t\t\t\t\t\t<\/div>\n\t\t\t\t<\/div>\n\t\t\t\t<div class=\"elementor-element elementor-element-209a1a8 elementor-widget elementor-widget-text-editor\" data-id=\"209a1a8\" data-element_type=\"widget\" data-e-type=\"widget\" data-widget_type=\"text-editor.default\">\n\t\t\t\t<div class=\"elementor-widget-container\">\n\t\t\t\t\t\t\t\t\t<h4 dir=\"ltr\">Contact<\/h4><p dir=\"ltr\"><strong>Spa-A<\/strong><br \/><a href=\"https:\/\/spa-a.org\/\">spa-a.org<\/a><\/p>\t\t\t\t\t\t\t\t<\/div>\n\t\t\t\t<\/div>\n\t\t\t\t<\/div>\n\t\t<div class=\"elementor-element elementor-element-4a09a15 e-con-full e-flex e-con e-child\" data-id=\"4a09a15\" data-element_type=\"container\" data-e-type=\"container\">\n\t\t\t\t<div class=\"elementor-element elementor-element-a6c7bee elementor-widget elementor-widget-text-editor\" data-id=\"a6c7bee\" data-element_type=\"widget\" data-e-type=\"widget\" data-widget_type=\"text-editor.default\">\n\t\t\t\t<div class=\"elementor-widget-container\">\n\t\t\t\t\t\t\t\t\t<p dir=\"ltr\"><em>\u00ab La f\u00e9d\u00e9ration \u00e9thique et authentique des professionnels du spa et du bien-\u00eatre. \u00bb<\/em><\/p><p dir=\"ltr\">L&rsquo;association Spa-A, sous loi de 1901, \u00e0 but non lucratif, cr\u00e9\u00e9e en 2001 et f\u00eatant ses 25 ans d&rsquo;existence, regroupe les professionnels du spa et du bien-\u00eatre. Sa mission : repr\u00e9senter les m\u00e9tiers du spa et du bien-\u00eatre aupr\u00e8s des instances publiques fran\u00e7aises et europ\u00e9ennes, informer le public, faire conna\u00eetre les \u00e9tablissements labellis\u00e9s Spa-A dont l&rsquo;association est le garant, favoriser la r\u00e9flexion, l&rsquo;innovation et l&rsquo;\u00e9volution du secteur, et participer \u00e0 un r\u00e9f\u00e9rentiel de qualit\u00e9 par des conf\u00e9rences, \u00e9tudes et colloques.<\/p><p dir=\"ltr\">Spa-A est membre de la CNEP. La F\u00e9d\u00e9ration a \u00e9t\u00e9 relanc\u00e9e en 2021 pour devenir un lieu d&rsquo;\u00e9changes qui regroupe tous les professionnels de nos m\u00e9tiers.<\/p><p dir=\"ltr\"><strong>Un engagement concret aux c\u00f4t\u00e9s du Colloque Physiobell&rsquo; 2026<\/strong><\/p><p dir=\"ltr\">Spa-A a publi\u00e9 en mars 2026 un article d\u00e9di\u00e9 au Colloque Physiobell&rsquo; sur son site : <em>\u00ab Le cancer n&rsquo;efface pas la femme, il r\u00e9v\u00e8le\u2026 \u00bb<\/em>, marquant ainsi son engagement \u00e9ditorial et sa mobilisation autour de cette \u00e9dition consacr\u00e9e aux cancers f\u00e9minins.<\/p><hr \/><h4 dir=\"ltr\">Encadr\u00e9 chiffres cl\u00e9s<\/h4><ul dir=\"ltr\"><li>Association loi 1901<\/li><li>Cr\u00e9\u00e9e en 2001 (25 ans d&rsquo;existence)<\/li><li>Plus de 320 membres actuellement : marques, fournisseurs, responsables de spas, praticiens, esth\u00e9ticiennes, masseurs<\/li><li>Un label qualit\u00e9 reconnu<\/li><li>Membre de la CNEP<\/li><\/ul>\t\t\t\t\t\t\t\t<\/div>\n\t\t\t\t<\/div>\n\t\t\t\t<\/div>\n\t\t\t\t\t<\/div>\n\t\t\t\t<\/div>\n\t\t\t\t<\/div>\n\t\t","protected":false},"excerpt":{"rendered":"<p>Contact Spa-Aspa-a.org \u00ab La f\u00e9d\u00e9ration \u00e9thique et authentique des professionnels du spa et du bien-\u00eatre. \u00bb L&rsquo;association Spa-A, sous loi de 1901, \u00e0 but non lucratif, cr\u00e9\u00e9e en 2001 et f\u00eatant ses 25 ans d&rsquo;existence, regroupe les professionnels du spa et du bien-\u00eatre. Sa mission : repr\u00e9senter les m\u00e9tiers du spa et du bien-\u00eatre aupr\u00e8s [&hellip;]<\/p>\n","protected":false},"author":2,"featured_media":0,"comment_status":"closed","ping_status":"closed","sticky":false,"template":"","format":"standard","meta":{"footnotes":""},"categories":[23,8],"tags":[31],"class_list":["post-8796","post","type-post","status-publish","format-standard","hentry","category-organisation","category-partenaires","tag-colloque-2026"],"_links":{"self":[{"href":"https:\/\/colloque.physiobell.fr\/index.php\/wp-json\/wp\/v2\/posts\/8796","targetHints":{"allow":["GET"]}}],"collection":[{"href":"https:\/\/colloque.physiobell.fr\/index.php\/wp-json\/wp\/v2\/posts"}],"about":[{"href":"https:\/\/colloque.physiobell.fr\/index.php\/wp-json\/wp\/v2\/types\/post"}],"author":[{"embeddable":true,"href":"https:\/\/colloque.physiobell.fr\/index.php\/wp-json\/wp\/v2\/users\/2"}],"replies":[{"embeddable":true,"href":"https:\/\/colloque.physiobell.fr\/index.php\/wp-json\/wp\/v2\/comments?post=8796"}],"version-history":[{"count":7,"href":"https:\/\/colloque.physiobell.fr\/index.php\/wp-json\/wp\/v2\/posts\/8796\/revisions"}],"predecessor-version":[{"id":8847,"href":"https:\/\/colloque.physiobell.fr\/index.php\/wp-json\/wp\/v2\/posts\/8796\/revisions\/8847"}],"wp:attachment":[{"href":"https:\/\/colloque.physiobell.fr\/index.php\/wp-json\/wp\/v2\/media?parent=8796"}],"wp:term":[{"taxonomy":"category","embeddable":true,"href":"https:\/\/colloque.physiobell.fr\/index.php\/wp-json\/wp\/v2\/categories?post=8796"},{"taxonomy":"post_tag","embeddable":true,"href":"https:\/\/colloque.physiobell.fr\/index.php\/wp-json\/wp\/v2\/tags?post=8796"}],"curies":[{"name":"wp","href":"https:\/\/api.w.org\/{rel}","templated":true}]}}