{"id":8801,"date":"2026-08-31T18:55:48","date_gmt":"2026-08-31T16:55:48","guid":{"rendered":"https:\/\/colloque.physiobell.fr\/?p=8801"},"modified":"2026-08-31T20:24:46","modified_gmt":"2026-08-31T18:24:46","slug":"agir-contre-la-maladie","status":"publish","type":"post","link":"https:\/\/colloque.physiobell.fr\/index.php\/agir-contre-la-maladie\/","title":{"rendered":"Agir contre la maladie"},"content":{"rendered":"\t\t<div data-elementor-type=\"wp-post\" data-elementor-id=\"8801\" class=\"elementor elementor-8801\" data-elementor-post-type=\"post\">\n\t\t\t\t<div class=\"elementor-element elementor-element-7330e63 e-flex e-con-boxed e-con e-parent\" data-id=\"7330e63\" data-element_type=\"container\" data-e-type=\"container\">\n\t\t\t\t\t<div class=\"e-con-inner\">\n\t\t<div class=\"elementor-element elementor-element-67b0f5f e-con-full e-flex e-con e-child\" data-id=\"67b0f5f\" data-element_type=\"container\" data-e-type=\"container\">\n\t\t\t\t<div class=\"elementor-element elementor-element-e32545d elementor-widget elementor-widget-image\" data-id=\"e32545d\" data-element_type=\"widget\" data-e-type=\"widget\" data-widget_type=\"image.default\">\n\t\t\t\t<div class=\"elementor-widget-container\">\n\t\t\t\t\t\t\t\t\t\t\t\t<figure class=\"wp-caption\">\n\t\t\t\t\t\t\t\t\t\t<img fetchpriority=\"high\" decoding=\"async\" width=\"800\" height=\"687\" src=\"https:\/\/colloque.physiobell.fr\/wp-content\/uploads\/2026\/01\/WhatsApp-Image-2026-08-28-at-10.53.26.jpeg\" class=\"attachment-large size-large wp-image-8665\" alt=\"\" srcset=\"https:\/\/colloque.physiobell.fr\/wp-content\/uploads\/2026\/01\/WhatsApp-Image-2026-08-28-at-10.53.26.jpeg 830w, https:\/\/colloque.physiobell.fr\/wp-content\/uploads\/2026\/01\/WhatsApp-Image-2026-08-28-at-10.53.26-300x258.jpeg 300w, https:\/\/colloque.physiobell.fr\/wp-content\/uploads\/2026\/01\/WhatsApp-Image-2026-08-28-at-10.53.26-768x660.jpeg 768w\" sizes=\"(max-width: 800px) 100vw, 800px\" \/>\t\t\t\t\t\t\t\t\t\t\t<figcaption class=\"widget-image-caption wp-caption-text\">Agir contre la maladie<\/figcaption>\n\t\t\t\t\t\t\t\t\t\t<\/figure>\n\t\t\t\t\t\t\t\t\t<\/div>\n\t\t\t\t<\/div>\n\t\t\t\t<div class=\"elementor-element elementor-element-de88b9c elementor-widget elementor-widget-text-editor\" data-id=\"de88b9c\" data-element_type=\"widget\" data-e-type=\"widget\" data-widget_type=\"text-editor.default\">\n\t\t\t\t<div class=\"elementor-widget-container\">\n\t\t\t\t\t\t\t\t\t<p dir=\"ltr\"><strong>Elodie Renaud, intervenante pour l&rsquo;association<\/strong><br \/><strong>Pr\u00e9sid\u00e9e par Catherine Cormerais<\/strong><\/p>\t\t\t\t\t\t\t\t<\/div>\n\t\t\t\t<\/div>\n\t\t\t\t<\/div>\n\t\t<div class=\"elementor-element elementor-element-8a46641 e-con-full e-flex e-con e-child\" data-id=\"8a46641\" data-element_type=\"container\" data-e-type=\"container\">\n\t\t\t\t<div class=\"elementor-element elementor-element-39c0638 elementor-widget elementor-widget-text-editor\" data-id=\"39c0638\" data-element_type=\"widget\" data-e-type=\"widget\" data-widget_type=\"text-editor.default\">\n\t\t\t\t<div class=\"elementor-widget-container\">\n\t\t\t\t\t\t\t\t\t<p dir=\"ltr\"><em> Le sport-sant\u00e9 et le bien-\u00eatre au service des personnes touch\u00e9es par la maladie. \u00bb<\/em><\/p><p dir=\"ltr\"><em>Agir Contre la Maladie est une association reconnue Maison Sport-Sant\u00e9, qui accompagne les personnes atteintes d&rsquo;une maladie chronique, d&rsquo;un cancer ou en situation de handicap physique, psychique ou mental.<\/em><\/p><p dir=\"ltr\"><em>Sa mission est de favoriser le mieux-\u00eatre et d&rsquo;am\u00e9liorer la qualit\u00e9 de vie gr\u00e2ce \u00e0 une prise en charge globale, associant activit\u00e9 physique adapt\u00e9e et soins de support. Son accompagnement tient compte des dimensions physiques, psychologiques et sociales de chaque personne.<\/em><\/p><p dir=\"ltr\"><em>\u00c0 travers sa section Cancer Solidarit\u00e9 Vignoble, l&rsquo;association accompagne plus particuli\u00e8rement les personnes touch\u00e9es par tout type de cancer. Elle propose un large choix d&rsquo;activit\u00e9s physiques adapt\u00e9es, telles que le yoga, l&rsquo;escrime adapt\u00e9e, le rameur, la self-d\u00e9fense, l&rsquo;aquagym, le Pilates ou encore la boxe, ainsi que de nombreux soins de support : r\u00e9flexologie, hypnose, sophrologie, accompagnement en nutrition, socio-esth\u00e9tique, art-th\u00e9rapie, et bien d&rsquo;autres.<\/em><\/p><p dir=\"ltr\"><em>L&rsquo;association est pr\u00e9sid\u00e9e par Catherine Cormerais, elle-m\u00eame confront\u00e9e \u00e0 la maladie. Forte de son parcours personnel, elle est \u00e0 l&rsquo;origine de la cr\u00e9ation d&rsquo;Agir Contre la Maladie, avec la volont\u00e9 d&rsquo;offrir un accompagnement humain, bienveillant et accessible \u00e0 toutes les personnes concern\u00e9es.<\/em><\/p><p dir=\"ltr\"><strong>Un engagement concret aux c\u00f4t\u00e9s du Colloque Physiobell&rsquo; 2026<\/strong><\/p><p dir=\"ltr\">En 2026, Agir Contre la Maladie poursuit son engagement aupr\u00e8s des personnes touch\u00e9es par la maladie, le cancer ou le handicap, en favorisant l&rsquo;acc\u00e8s \u00e0 l&rsquo;activit\u00e9 physique adapt\u00e9e et aux soins de support. L&rsquo;association souhaite continuer \u00e0 d\u00e9velopper un accompagnement humain, personnalis\u00e9 et accessible, afin de contribuer au bien-\u00eatre physique, psychologique et social de chacun.<\/p><hr \/><h4 dir=\"ltr\">Encadr\u00e9 chiffres cl\u00e9s<\/h4><ul dir=\"ltr\"><li>Association engag\u00e9e dans le sport-sant\u00e9 et le bien-\u00eatre<\/li><li>Une section d\u00e9di\u00e9e : Cancer Solidarit\u00e9 Vignoble<\/li><li>Activit\u00e9s physiques adapt\u00e9es, soins de confort, ateliers estime de soi, relaxation, accompagnement nutritionnel<\/li><li>Pr\u00e9sid\u00e9e par Catherine Cormerais, \u00e9galement dermographe m\u00e9dicale et intervenante au colloque (samedi 19 septembre \u00e0 15h15)<\/li><\/ul>\t\t\t\t\t\t\t\t<\/div>\n\t\t\t\t<\/div>\n\t\t\t\t<\/div>\n\t\t\t\t\t<\/div>\n\t\t\t\t<\/div>\n\t\t\t\t<\/div>\n\t\t","protected":false},"excerpt":{"rendered":"<p>Agir contre la maladie Elodie Renaud, intervenante pour l&rsquo;associationPr\u00e9sid\u00e9e par Catherine Cormerais Le sport-sant\u00e9 et le bien-\u00eatre au service des personnes touch\u00e9es par la maladie. \u00bb Agir Contre la Maladie est une association reconnue Maison Sport-Sant\u00e9, qui accompagne les personnes atteintes d&rsquo;une maladie chronique, d&rsquo;un cancer ou en situation de handicap physique, psychique ou mental. [&hellip;]<\/p>\n","protected":false},"author":2,"featured_media":8665,"comment_status":"closed","ping_status":"closed","sticky":false,"template":"","format":"standard","meta":{"footnotes":""},"categories":[23,8],"tags":[31],"class_list":["post-8801","post","type-post","status-publish","format-standard","has-post-thumbnail","hentry","category-organisation","category-partenaires","tag-colloque-2026"],"_links":{"self":[{"href":"https:\/\/colloque.physiobell.fr\/index.php\/wp-json\/wp\/v2\/posts\/8801","targetHints":{"allow":["GET"]}}],"collection":[{"href":"https:\/\/colloque.physiobell.fr\/index.php\/wp-json\/wp\/v2\/posts"}],"about":[{"href":"https:\/\/colloque.physiobell.fr\/index.php\/wp-json\/wp\/v2\/types\/post"}],"author":[{"embeddable":true,"href":"https:\/\/colloque.physiobell.fr\/index.php\/wp-json\/wp\/v2\/users\/2"}],"replies":[{"embeddable":true,"href":"https:\/\/colloque.physiobell.fr\/index.php\/wp-json\/wp\/v2\/comments?post=8801"}],"version-history":[{"count":13,"href":"https:\/\/colloque.physiobell.fr\/index.php\/wp-json\/wp\/v2\/posts\/8801\/revisions"}],"predecessor-version":[{"id":8886,"href":"https:\/\/colloque.physiobell.fr\/index.php\/wp-json\/wp\/v2\/posts\/8801\/revisions\/8886"}],"wp:featuredmedia":[{"embeddable":true,"href":"https:\/\/colloque.physiobell.fr\/index.php\/wp-json\/wp\/v2\/media\/8665"}],"wp:attachment":[{"href":"https:\/\/colloque.physiobell.fr\/index.php\/wp-json\/wp\/v2\/media?parent=8801"}],"wp:term":[{"taxonomy":"category","embeddable":true,"href":"https:\/\/colloque.physiobell.fr\/index.php\/wp-json\/wp\/v2\/categories?post=8801"},{"taxonomy":"post_tag","embeddable":true,"href":"https:\/\/colloque.physiobell.fr\/index.php\/wp-json\/wp\/v2\/tags?post=8801"}],"curies":[{"name":"wp","href":"https:\/\/api.w.org\/{rel}","templated":true}]}}